{"id":9116,"date":"2021-02-03T15:25:07","date_gmt":"2021-02-03T19:25:07","guid":{"rendered":"https:\/\/www.pedroandretta.info\/index\/?p=9116"},"modified":"2021-02-03T15:25:07","modified_gmt":"2021-02-03T19:25:07","slug":"a-edicao-universitaria-como-politica-publica-l-em-suas-paginas-ou-bytes-os-liv","status":"publish","type":"post","link":"https:\/\/www.pedroandretta.info\/index\/2021\/02\/a-edicao-universitaria-como-politica-publica-l-em-suas-paginas-ou-bytes-os-liv\/","title":{"rendered":"A edi\u00e7\u00e3o universit\u00e1ria como pol\u00edtica p\u00fablica l \u201cEm suas p\u00e1ginas ou bytes, os liv&#8230;"},"content":{"rendered":"<p>[ad_1]<\/p>\n<blockquote class=\"twitter-tweet\">\n<p lang=\"pt\" dir=\"ltr\">A edi\u00e7\u00e3o universit\u00e1ria como pol\u00edtica p\u00fablica l \u201cEm suas p\u00e1ginas ou bytes, os livros acad\u00eamicos s\u00e3o o reposit\u00f3rio permanente das conquistas de supera\u00e7\u00e3o de teorias, conceitos e pr\u00e1ticas cient\u00edficas\u201d \u2066<a target=\"_blank\" href=\"https:\/\/twitter.com\/josecastilho?ref_src=twsrc%5Etfw\" rel=\"noopener noreferrer\">@josecastilho<\/a>\u2069 <a target=\"_blank\" href=\"https:\/\/twitter.com\/hashtag\/EditorasUniversit%C3%A1rias?src=hash&amp;ref_src=twsrc%5Etfw\" rel=\"noopener noreferrer\">#EditorasUniversit\u00e1rias<\/a> via Rascunho <a target=\"_blank\" href=\"https:\/\/t.co\/2P5xXKNNsm\" rel=\"noopener noreferrer\">https:\/\/t.co\/2P5xXKNNsm<\/a><\/p>\n<p>&mdash; Pedro Andretta (@pedroisandretta) <a target=\"_blank\" href=\"https:\/\/twitter.com\/pedroisandretta\/status\/1357047485508816900?ref_src=twsrc%5Etfw\" rel=\"noopener noreferrer\">February 3, 2021<\/a><\/p><\/blockquote>\n<p><script async src=\"https:\/\/platform.twitter.com\/widgets.js\" charset=\"utf-8\"><\/script><\/p>\n<p>[ad_2]<br \/>\n<br \/><a href=\"https:\/\/twitter.com\/pedroisandretta\/statuses\/1357047485508816900\">Fonte<\/a> : Projeto <a href=\"https:\/\/www.pedroandretta.info\/informeci\">Informe-CI<\/a><\/p>\n","protected":false},"excerpt":{"rendered":"<p>[ad_1] A edi\u00e7\u00e3o universit\u00e1ria como pol\u00edtica p\u00fablica l \u201cEm suas p\u00e1ginas ou bytes, os livros acad\u00eamicos s\u00e3o o reposit\u00f3rio permanente das conquistas de supera\u00e7\u00e3o de teorias, conceitos e pr\u00e1ticas cient\u00edficas\u201d \u2066@josecastilho\u2069 #EditorasUniversit\u00e1rias via Rascunho https:\/\/t.co\/2P5xXKNNsm &mdash; Pedro Andretta (@pedroisandretta) February 3, 2021 [ad_2] Fonte : Projeto Informe-CI<\/p>\n","protected":false},"author":1,"featured_media":0,"comment_status":"open","ping_status":"open","sticky":false,"template":"","format":"standard","meta":{"_jetpack_memberships_contains_paid_content":false,"footnotes":"","jetpack_publicize_message":"","jetpack_publicize_feature_enabled":true,"jetpack_social_post_already_shared":true,"jetpack_social_options":{"image_generator_settings":{"template":"highway","default_image_id":0,"font":"","enabled":false},"version":2}},"categories":[21],"tags":[1302],"class_list":["post-9116","post","type-post","status-publish","format-standard","hentry","category-informeci","tag-editorasuniversitarias"],"jetpack_publicize_connections":[],"jetpack_featured_media_url":"","views":"","jetpack_sharing_enabled":true,"_links":{"self":[{"href":"https:\/\/www.pedroandretta.info\/index\/wp-json\/wp\/v2\/posts\/9116","targetHints":{"allow":["GET"]}}],"collection":[{"href":"https:\/\/www.pedroandretta.info\/index\/wp-json\/wp\/v2\/posts"}],"about":[{"href":"https:\/\/www.pedroandretta.info\/index\/wp-json\/wp\/v2\/types\/post"}],"author":[{"embeddable":true,"href":"https:\/\/www.pedroandretta.info\/index\/wp-json\/wp\/v2\/users\/1"}],"replies":[{"embeddable":true,"href":"https:\/\/www.pedroandretta.info\/index\/wp-json\/wp\/v2\/comments?post=9116"}],"version-history":[{"count":0,"href":"https:\/\/www.pedroandretta.info\/index\/wp-json\/wp\/v2\/posts\/9116\/revisions"}],"wp:attachment":[{"href":"https:\/\/www.pedroandretta.info\/index\/wp-json\/wp\/v2\/media?parent=9116"}],"wp:term":[{"taxonomy":"category","embeddable":true,"href":"https:\/\/www.pedroandretta.info\/index\/wp-json\/wp\/v2\/categories?post=9116"},{"taxonomy":"post_tag","embeddable":true,"href":"https:\/\/www.pedroandretta.info\/index\/wp-json\/wp\/v2\/tags?post=9116"}],"curies":[{"name":"wp","href":"https:\/\/api.w.org\/{rel}","templated":true}]}}