{"id":9118,"date":"2021-02-03T15:13:53","date_gmt":"2021-02-03T19:13:53","guid":{"rendered":"https:\/\/www.pedroandretta.info\/index\/?p=9118"},"modified":"2021-02-03T15:13:53","modified_gmt":"2021-02-03T19:13:53","slug":"a-fragilidade-dos-marcadores-culturais-nas-comunidadesacademicas-distanciamen","status":"publish","type":"post","link":"https:\/\/www.pedroandretta.info\/index\/2021\/02\/a-fragilidade-dos-marcadores-culturais-nas-comunidadesacademicas-distanciamen\/","title":{"rendered":"A fragilidade dos marcadores culturais nas #ComunidadesAcad\u00eamicas : distanciamen&#8230;"},"content":{"rendered":"<p>[ad_1]<\/p>\n<blockquote class=\"twitter-tweet\">\n<p lang=\"pt\" dir=\"ltr\">A fragilidade dos marcadores culturais nas <a target=\"_blank\" href=\"https:\/\/twitter.com\/hashtag\/ComunidadesAcad%C3%AAmicas?src=hash&amp;ref_src=twsrc%5Etfw\" rel=\"noopener noreferrer\">#ComunidadesAcad\u00eamicas<\/a> : distanciamento f\u00edsico e ofusca\u00e7\u00e3o dos referentes grupais l \u201c[&#8230;] os atuais requisitos de distanciamento f\u00edsico podem traduzir-se [&#8230;] em comunidades mais fracas e mais fr\u00e1geis [&#8230;]\u201d <a target=\"_blank\" href=\"https:\/\/t.co\/ENeRedRoDq\" rel=\"noopener noreferrer\">https:\/\/t.co\/ENeRedRoDq<\/a><\/p>\n<p>&mdash; Pedro Andretta (@pedroisandretta) <a target=\"_blank\" href=\"https:\/\/twitter.com\/pedroisandretta\/status\/1357044655175700481?ref_src=twsrc%5Etfw\" rel=\"noopener noreferrer\">February 3, 2021<\/a><\/p><\/blockquote>\n<p><script async src=\"https:\/\/platform.twitter.com\/widgets.js\" charset=\"utf-8\"><\/script><\/p>\n<p>[ad_2]<br \/>\n<br \/><a href=\"https:\/\/twitter.com\/pedroisandretta\/statuses\/1357044655175700481\">Fonte<\/a> : Projeto <a href=\"https:\/\/www.pedroandretta.info\/informeci\">Informe-CI<\/a><\/p>\n","protected":false},"excerpt":{"rendered":"<p>[ad_1] A fragilidade dos marcadores culturais nas #ComunidadesAcad\u00eamicas : distanciamento f\u00edsico e ofusca\u00e7\u00e3o dos referentes grupais l \u201c[&#8230;] os atuais requisitos de distanciamento f\u00edsico podem traduzir-se [&#8230;] em comunidades mais fracas e mais fr\u00e1geis [&#8230;]\u201d https:\/\/t.co\/ENeRedRoDq &mdash; Pedro Andretta (@pedroisandretta) February 3, 2021 [ad_2] Fonte : Projeto Informe-CI<\/p>\n","protected":false},"author":1,"featured_media":0,"comment_status":"open","ping_status":"open","sticky":false,"template":"","format":"standard","meta":{"_jetpack_memberships_contains_paid_content":false,"footnotes":"","jetpack_publicize_message":"","jetpack_publicize_feature_enabled":true,"jetpack_social_post_already_shared":true,"jetpack_social_options":{"image_generator_settings":{"template":"highway","default_image_id":0,"font":"","enabled":false},"version":2}},"categories":[21],"tags":[1909],"class_list":["post-9118","post","type-post","status-publish","format-standard","hentry","category-informeci","tag-comunidadesacademicas"],"jetpack_publicize_connections":[],"jetpack_featured_media_url":"","views":"","jetpack_sharing_enabled":true,"_links":{"self":[{"href":"https:\/\/www.pedroandretta.info\/index\/wp-json\/wp\/v2\/posts\/9118","targetHints":{"allow":["GET"]}}],"collection":[{"href":"https:\/\/www.pedroandretta.info\/index\/wp-json\/wp\/v2\/posts"}],"about":[{"href":"https:\/\/www.pedroandretta.info\/index\/wp-json\/wp\/v2\/types\/post"}],"author":[{"embeddable":true,"href":"https:\/\/www.pedroandretta.info\/index\/wp-json\/wp\/v2\/users\/1"}],"replies":[{"embeddable":true,"href":"https:\/\/www.pedroandretta.info\/index\/wp-json\/wp\/v2\/comments?post=9118"}],"version-history":[{"count":0,"href":"https:\/\/www.pedroandretta.info\/index\/wp-json\/wp\/v2\/posts\/9118\/revisions"}],"wp:attachment":[{"href":"https:\/\/www.pedroandretta.info\/index\/wp-json\/wp\/v2\/media?parent=9118"}],"wp:term":[{"taxonomy":"category","embeddable":true,"href":"https:\/\/www.pedroandretta.info\/index\/wp-json\/wp\/v2\/categories?post=9118"},{"taxonomy":"post_tag","embeddable":true,"href":"https:\/\/www.pedroandretta.info\/index\/wp-json\/wp\/v2\/tags?post=9118"}],"curies":[{"name":"wp","href":"https:\/\/api.w.org\/{rel}","templated":true}]}}