{"id":9119,"date":"2021-02-03T17:44:57","date_gmt":"2021-02-03T21:44:57","guid":{"rendered":"https:\/\/www.pedroandretta.info\/index\/?p=9119"},"modified":"2021-02-03T17:44:57","modified_gmt":"2021-02-03T21:44:57","slug":"bibliotecas-e-desenvolvimento-sustentavel-l-vale-a-pena-ver-se-inspirar-nesse-pr","status":"publish","type":"post","link":"https:\/\/www.pedroandretta.info\/index\/2021\/02\/bibliotecas-e-desenvolvimento-sustentavel-l-vale-a-pena-ver-se-inspirar-nesse-pr\/","title":{"rendered":"Bibliotecas e Desenvolvimento Sustent\u00e1vel l Vale a pena ver se inspirar nesse pr&#8230;"},"content":{"rendered":"<p>[ad_1]<\/p>\n<blockquote class=\"twitter-tweet\">\n<p lang=\"pt\" dir=\"ltr\">Bibliotecas e Desenvolvimento Sustent\u00e1vel l Vale a pena ver se inspirar nesse projeto da <a target=\"_blank\" href=\"https:\/\/twitter.com\/hashtag\/BibliotecaP%C3%BAblica?src=hash&amp;ref_src=twsrc%5Etfw\" rel=\"noopener noreferrer\">#BibliotecaP\u00fablica<\/a> Municipal da Covilh\u00e3, que chama os jovens para a apresenta\u00e7\u00e3o de propostas que promovam o alcance das metas definidas pela <a target=\"_blank\" href=\"https:\/\/twitter.com\/hashtag\/Agenda2030?src=hash&amp;ref_src=twsrc%5Etfw\" rel=\"noopener noreferrer\">#Agenda2030<\/a> ! via DGLAB <a target=\"_blank\" href=\"https:\/\/t.co\/8dd7TpDcXp\" rel=\"noopener noreferrer\">https:\/\/t.co\/8dd7TpDcXp<\/a><\/p>\n<p>&mdash; Pedro Andretta (@pedroisandretta) <a target=\"_blank\" href=\"https:\/\/twitter.com\/pedroisandretta\/status\/1357082674108719106?ref_src=twsrc%5Etfw\" rel=\"noopener noreferrer\">February 3, 2021<\/a><\/p><\/blockquote>\n<p><script async src=\"https:\/\/platform.twitter.com\/widgets.js\" charset=\"utf-8\"><\/script><\/p>\n<p>[ad_2]<br \/>\n<br \/><a href=\"https:\/\/twitter.com\/pedroisandretta\/statuses\/1357082674108719106\">Fonte<\/a> : Projeto <a href=\"https:\/\/www.pedroandretta.info\/informeci\">Informe-CI<\/a><\/p>\n","protected":false},"excerpt":{"rendered":"<p>[ad_1] Bibliotecas e Desenvolvimento Sustent\u00e1vel l Vale a pena ver se inspirar nesse projeto da #BibliotecaP\u00fablica Municipal da Covilh\u00e3, que chama os jovens para a apresenta\u00e7\u00e3o de propostas que promovam o alcance das metas definidas pela #Agenda2030 ! via DGLAB https:\/\/t.co\/8dd7TpDcXp &mdash; Pedro Andretta (@pedroisandretta) February 3, 2021 [ad_2] Fonte : Projeto Informe-CI<\/p>\n","protected":false},"author":1,"featured_media":0,"comment_status":"open","ping_status":"open","sticky":false,"template":"","format":"standard","meta":{"_jetpack_memberships_contains_paid_content":false,"footnotes":"","jetpack_publicize_message":"","jetpack_publicize_feature_enabled":true,"jetpack_social_post_already_shared":true,"jetpack_social_options":{"image_generator_settings":{"template":"highway","default_image_id":0,"font":"","enabled":false},"version":2}},"categories":[21],"tags":[638,39],"class_list":["post-9119","post","type-post","status-publish","format-standard","hentry","category-informeci","tag-agenda2030","tag-bibliotecaspublicas"],"jetpack_publicize_connections":[],"jetpack_featured_media_url":"","views":"","jetpack_sharing_enabled":true,"_links":{"self":[{"href":"https:\/\/www.pedroandretta.info\/index\/wp-json\/wp\/v2\/posts\/9119","targetHints":{"allow":["GET"]}}],"collection":[{"href":"https:\/\/www.pedroandretta.info\/index\/wp-json\/wp\/v2\/posts"}],"about":[{"href":"https:\/\/www.pedroandretta.info\/index\/wp-json\/wp\/v2\/types\/post"}],"author":[{"embeddable":true,"href":"https:\/\/www.pedroandretta.info\/index\/wp-json\/wp\/v2\/users\/1"}],"replies":[{"embeddable":true,"href":"https:\/\/www.pedroandretta.info\/index\/wp-json\/wp\/v2\/comments?post=9119"}],"version-history":[{"count":0,"href":"https:\/\/www.pedroandretta.info\/index\/wp-json\/wp\/v2\/posts\/9119\/revisions"}],"wp:attachment":[{"href":"https:\/\/www.pedroandretta.info\/index\/wp-json\/wp\/v2\/media?parent=9119"}],"wp:term":[{"taxonomy":"category","embeddable":true,"href":"https:\/\/www.pedroandretta.info\/index\/wp-json\/wp\/v2\/categories?post=9119"},{"taxonomy":"post_tag","embeddable":true,"href":"https:\/\/www.pedroandretta.info\/index\/wp-json\/wp\/v2\/tags?post=9119"}],"curies":[{"name":"wp","href":"https:\/\/api.w.org\/{rel}","templated":true}]}}