{"id":9175,"date":"2021-02-08T18:14:21","date_gmt":"2021-02-08T22:14:21","guid":{"rendered":"https:\/\/www.pedroandretta.info\/index\/?p=9175"},"modified":"2021-02-08T18:14:21","modified_gmt":"2021-02-08T22:14:21","slug":"uma-decada-a-menos-de-vida-veja-quanto-se-vive-na-media-em-sua-cidade-l-sintes","status":"publish","type":"post","link":"https:\/\/www.pedroandretta.info\/index\/2021\/02\/uma-decada-a-menos-de-vida-veja-quanto-se-vive-na-media-em-sua-cidade-l-sintes\/","title":{"rendered":"Uma d\u00e9cada a menos de vida? Veja quanto se vive na m\u00e9dia em sua cidade l  S\u00edntes&#8230;"},"content":{"rendered":"<p>[ad_1]<\/p>\n<blockquote class=\"twitter-tweet\">\n<p lang=\"pt\" dir=\"ltr\">Uma d\u00e9cada a menos de vida? Veja quanto se vive na m\u00e9dia em sua cidade l  S\u00edntese de estudo publicado na revista Nature Medicine, que analisou a longevidade e as causas de morte em 363 cidades de nove pa\u00edses na Am\u00e9rica Latina . <a target=\"_blank\" href=\"https:\/\/twitter.com\/hashtag\/Sa%C3%BAde?src=hash&amp;ref_src=twsrc%5Etfw\" rel=\"noopener noreferrer\">#Sa\u00fade<\/a> <a target=\"_blank\" href=\"https:\/\/twitter.com\/hashtag\/Viol%C3%AAncia?src=hash&amp;ref_src=twsrc%5Etfw\" rel=\"noopener noreferrer\">#Viol\u00eancia<\/a> via BBC <a target=\"_blank\" href=\"https:\/\/t.co\/s1XTtD0tPQ\" rel=\"noopener noreferrer\">https:\/\/t.co\/s1XTtD0tPQ<\/a><\/p>\n<p>&mdash; Pedro Andretta (@pedroisandretta) <a target=\"_blank\" href=\"https:\/\/twitter.com\/pedroisandretta\/status\/1358902013698990082?ref_src=twsrc%5Etfw\" rel=\"noopener noreferrer\">February 8, 2021<\/a><\/p><\/blockquote>\n<p><script async src=\"https:\/\/platform.twitter.com\/widgets.js\" charset=\"utf-8\"><\/script><\/p>\n<p>[ad_2]<br \/>\n<br \/><a href=\"https:\/\/twitter.com\/pedroisandretta\/statuses\/1358902013698990082\">Fonte<\/a> : Projeto <a href=\"https:\/\/www.pedroandretta.info\/informeci\">Informe-CI<\/a><\/p>\n","protected":false},"excerpt":{"rendered":"<p>[ad_1] Uma d\u00e9cada a menos de vida? Veja quanto se vive na m\u00e9dia em sua cidade l S\u00edntese de estudo publicado na revista Nature Medicine, que analisou a longevidade e as causas de morte em 363 cidades de nove pa\u00edses na Am\u00e9rica Latina . #Sa\u00fade #Viol\u00eancia via BBC https:\/\/t.co\/s1XTtD0tPQ &mdash; Pedro Andretta (@pedroisandretta) February 8,<\/p><\/div>\n<div class=\"blog-btn\"><a href=\"https:\/\/www.pedroandretta.info\/index\/2021\/02\/uma-decada-a-menos-de-vida-veja-quanto-se-vive-na-media-em-sua-cidade-l-sintes\/\" class=\"home-blog-btn\">Ler mais<\/a><\/p>\n","protected":false},"author":1,"featured_media":0,"comment_status":"open","ping_status":"open","sticky":false,"template":"","format":"standard","meta":{"_jetpack_memberships_contains_paid_content":false,"footnotes":"","jetpack_publicize_message":"","jetpack_publicize_feature_enabled":true,"jetpack_social_post_already_shared":true,"jetpack_social_options":{"image_generator_settings":{"template":"highway","default_image_id":0,"font":"","enabled":false},"version":2}},"categories":[21],"tags":[476,1202],"class_list":["post-9175","post","type-post","status-publish","format-standard","hentry","category-informeci","tag-saude","tag-violencia"],"jetpack_publicize_connections":[],"jetpack_featured_media_url":"","views":"","jetpack_sharing_enabled":true,"_links":{"self":[{"href":"https:\/\/www.pedroandretta.info\/index\/wp-json\/wp\/v2\/posts\/9175","targetHints":{"allow":["GET"]}}],"collection":[{"href":"https:\/\/www.pedroandretta.info\/index\/wp-json\/wp\/v2\/posts"}],"about":[{"href":"https:\/\/www.pedroandretta.info\/index\/wp-json\/wp\/v2\/types\/post"}],"author":[{"embeddable":true,"href":"https:\/\/www.pedroandretta.info\/index\/wp-json\/wp\/v2\/users\/1"}],"replies":[{"embeddable":true,"href":"https:\/\/www.pedroandretta.info\/index\/wp-json\/wp\/v2\/comments?post=9175"}],"version-history":[{"count":0,"href":"https:\/\/www.pedroandretta.info\/index\/wp-json\/wp\/v2\/posts\/9175\/revisions"}],"wp:attachment":[{"href":"https:\/\/www.pedroandretta.info\/index\/wp-json\/wp\/v2\/media?parent=9175"}],"wp:term":[{"taxonomy":"category","embeddable":true,"href":"https:\/\/www.pedroandretta.info\/index\/wp-json\/wp\/v2\/categories?post=9175"},{"taxonomy":"post_tag","embeddable":true,"href":"https:\/\/www.pedroandretta.info\/index\/wp-json\/wp\/v2\/tags?post=9175"}],"curies":[{"name":"wp","href":"https:\/\/api.w.org\/{rel}","templated":true}]}}