{"id":9177,"date":"2021-02-08T19:48:58","date_gmt":"2021-02-08T23:48:58","guid":{"rendered":"https:\/\/www.pedroandretta.info\/index\/?p=9177"},"modified":"2021-02-08T19:48:58","modified_gmt":"2021-02-08T23:48:58","slug":"abrindo-a-biblioteca-transformando-nossas-politicas-praticas-e-estruturas-l-em","status":"publish","type":"post","link":"https:\/\/www.pedroandretta.info\/index\/2021\/02\/abrindo-a-biblioteca-transformando-nossas-politicas-praticas-e-estruturas-l-em\/","title":{"rendered":"Abrindo a biblioteca: transformando nossas pol\u00edticas, pr\u00e1ticas e estruturas l Em&#8230;"},"content":{"rendered":"<p>[ad_1]<\/p>\n<blockquote class=\"twitter-tweet\">\n<p lang=\"pt\" dir=\"ltr\">Abrindo a biblioteca: transformando nossas pol\u00edticas, pr\u00e1ticas e estruturas l Embora as bibliotecas desempenhem um papel fundamental na condu\u00e7\u00e3o de uma transi\u00e7\u00e3o para a <a target=\"_blank\" href=\"https:\/\/twitter.com\/hashtag\/Ci%C3%AAnciaAberta?src=hash&amp;ref_src=twsrc%5Etfw\" rel=\"noopener noreferrer\">#Ci\u00eanciaAberta<\/a> , suas  <a target=\"_blank\" href=\"https:\/\/twitter.com\/hashtag\/Forma%C3%A7%C3%A3oDeCole%C3%A7%C3%B5es?src=hash&amp;ref_src=twsrc%5Etfw\" rel=\"noopener noreferrer\">#Forma\u00e7\u00e3oDeCole\u00e7\u00f5es<\/a> ainda s\u00e3o baseadas no conte\u00fado comprado. <a target=\"_blank\" href=\"https:\/\/t.co\/RvYLSlcvMw\" rel=\"noopener noreferrer\">https:\/\/t.co\/RvYLSlcvMw<\/a><\/p>\n<p>&mdash; Pedro Andretta (@pedroisandretta) <a target=\"_blank\" href=\"https:\/\/twitter.com\/pedroisandretta\/status\/1358925821151498246?ref_src=twsrc%5Etfw\" rel=\"noopener noreferrer\">February 8, 2021<\/a><\/p><\/blockquote>\n<p><script async src=\"https:\/\/platform.twitter.com\/widgets.js\" charset=\"utf-8\"><\/script><\/p>\n<p>[ad_2]<br \/>\n<br \/><a href=\"https:\/\/twitter.com\/pedroisandretta\/statuses\/1358925821151498246\">Fonte<\/a> : Projeto <a href=\"https:\/\/www.pedroandretta.info\/informeci\">Informe-CI<\/a><\/p>\n","protected":false},"excerpt":{"rendered":"<p>[ad_1] Abrindo a biblioteca: transformando nossas pol\u00edticas, pr\u00e1ticas e estruturas l Embora as bibliotecas desempenhem um papel fundamental na condu\u00e7\u00e3o de uma transi\u00e7\u00e3o para a #Ci\u00eanciaAberta , suas #Forma\u00e7\u00e3oDeCole\u00e7\u00f5es ainda s\u00e3o baseadas no conte\u00fado comprado. https:\/\/t.co\/RvYLSlcvMw &mdash; Pedro Andretta (@pedroisandretta) February 8, 2021 [ad_2] Fonte : Projeto Informe-CI<\/p>\n","protected":false},"author":1,"featured_media":0,"comment_status":"open","ping_status":"open","sticky":false,"template":"","format":"standard","meta":{"_jetpack_memberships_contains_paid_content":false,"footnotes":"","jetpack_publicize_message":"","jetpack_publicize_feature_enabled":true,"jetpack_social_post_already_shared":true,"jetpack_social_options":{"image_generator_settings":{"template":"highway","default_image_id":0,"font":"","enabled":false},"version":2}},"categories":[21],"tags":[198,51],"class_list":["post-9177","post","type-post","status-publish","format-standard","hentry","category-informeci","tag-cienciaaberta","tag-formacaodecolecoes"],"jetpack_publicize_connections":[],"jetpack_featured_media_url":"","views":"","jetpack_sharing_enabled":true,"_links":{"self":[{"href":"https:\/\/www.pedroandretta.info\/index\/wp-json\/wp\/v2\/posts\/9177","targetHints":{"allow":["GET"]}}],"collection":[{"href":"https:\/\/www.pedroandretta.info\/index\/wp-json\/wp\/v2\/posts"}],"about":[{"href":"https:\/\/www.pedroandretta.info\/index\/wp-json\/wp\/v2\/types\/post"}],"author":[{"embeddable":true,"href":"https:\/\/www.pedroandretta.info\/index\/wp-json\/wp\/v2\/users\/1"}],"replies":[{"embeddable":true,"href":"https:\/\/www.pedroandretta.info\/index\/wp-json\/wp\/v2\/comments?post=9177"}],"version-history":[{"count":0,"href":"https:\/\/www.pedroandretta.info\/index\/wp-json\/wp\/v2\/posts\/9177\/revisions"}],"wp:attachment":[{"href":"https:\/\/www.pedroandretta.info\/index\/wp-json\/wp\/v2\/media?parent=9177"}],"wp:term":[{"taxonomy":"category","embeddable":true,"href":"https:\/\/www.pedroandretta.info\/index\/wp-json\/wp\/v2\/categories?post=9177"},{"taxonomy":"post_tag","embeddable":true,"href":"https:\/\/www.pedroandretta.info\/index\/wp-json\/wp\/v2\/tags?post=9177"}],"curies":[{"name":"wp","href":"https:\/\/api.w.org\/{rel}","templated":true}]}}