{"id":9182,"date":"2021-02-08T22:58:59","date_gmt":"2021-02-09T02:58:59","guid":{"rendered":"https:\/\/www.pedroandretta.info\/index\/?p=9182"},"modified":"2021-02-08T22:58:59","modified_gmt":"2021-02-09T02:58:59","slug":"11-habilidades-digitais-para-a-sobrevivencia-do-bibliotecario-no-mundo-digital","status":"publish","type":"post","link":"https:\/\/www.pedroandretta.info\/index\/2021\/02\/11-habilidades-digitais-para-a-sobrevivencia-do-bibliotecario-no-mundo-digital\/","title":{"rendered":"11 habilidades digitais para a sobreviv\u00eancia do #Bibliotec\u00e1rio no mundo digital &#8230;"},"content":{"rendered":"<p>[ad_1]<\/p>\n<blockquote class=\"twitter-tweet\">\n<p lang=\"pt\" dir=\"ltr\">11 habilidades digitais para a sobreviv\u00eancia do <a target=\"_blank\" href=\"https:\/\/twitter.com\/hashtag\/Bibliotec%C3%A1rio?src=hash&amp;ref_src=twsrc%5Etfw\" rel=\"noopener noreferrer\">#Bibliotec\u00e1rio<\/a> no mundo digital l \u00c9 imprescind\u00edvel que atuemos com bases de dados, redes sociais e v\u00eddeo chamada e ficarmos atentos \u00e0s tecnologias assistivas <a target=\"_blank\" href=\"https:\/\/twitter.com\/hashtag\/TecnologiasDigitais?src=hash&amp;ref_src=twsrc%5Etfw\" rel=\"noopener noreferrer\">#TecnologiasDigitais<\/a> \ud83c\uddea\ud83c\uddf8via \u2066<a target=\"_blank\" href=\"https:\/\/twitter.com\/JulianMarquina?ref_src=twsrc%5Etfw\" rel=\"noopener noreferrer\">@JulianMarquina<\/a>\u2069 <a target=\"_blank\" href=\"https:\/\/t.co\/iaBAdZt1rs\" rel=\"noopener noreferrer\">https:\/\/t.co\/iaBAdZt1rs<\/a><\/p>\n<p>&mdash; Pedro Andretta (@pedroisandretta) <a target=\"_blank\" href=\"https:\/\/twitter.com\/pedroisandretta\/status\/1358973643842273280?ref_src=twsrc%5Etfw\" rel=\"noopener noreferrer\">February 9, 2021<\/a><\/p><\/blockquote>\n<p><script async src=\"https:\/\/platform.twitter.com\/widgets.js\" charset=\"utf-8\"><\/script><\/p>\n<p>[ad_2]<br \/>\n<br \/><a href=\"https:\/\/twitter.com\/pedroisandretta\/statuses\/1358973643842273280\">Fonte<\/a> : Projeto <a href=\"https:\/\/www.pedroandretta.info\/informeci\">Informe-CI<\/a><\/p>\n","protected":false},"excerpt":{"rendered":"<p>[ad_1] 11 habilidades digitais para a sobreviv\u00eancia do #Bibliotec\u00e1rio no mundo digital l \u00c9 imprescind\u00edvel que atuemos com bases de dados, redes sociais e v\u00eddeo chamada e ficarmos atentos \u00e0s tecnologias assistivas #TecnologiasDigitais \ud83c\uddea\ud83c\uddf8via \u2066@JulianMarquina\u2069 https:\/\/t.co\/iaBAdZt1rs &mdash; Pedro Andretta (@pedroisandretta) February 9, 2021 [ad_2] Fonte : Projeto Informe-CI<\/p>\n","protected":false},"author":1,"featured_media":0,"comment_status":"open","ping_status":"open","sticky":false,"template":"","format":"standard","meta":{"_jetpack_memberships_contains_paid_content":false,"footnotes":"","jetpack_publicize_message":"","jetpack_publicize_feature_enabled":true,"jetpack_social_post_already_shared":true,"jetpack_social_options":{"image_generator_settings":{"template":"highway","default_image_id":0,"font":"","enabled":false},"version":2}},"categories":[21],"tags":[22,551],"class_list":["post-9182","post","type-post","status-publish","format-standard","hentry","category-informeci","tag-bibliotecarios","tag-tecnologiasdigitais"],"jetpack_publicize_connections":[],"jetpack_featured_media_url":"","views":"","jetpack_sharing_enabled":true,"_links":{"self":[{"href":"https:\/\/www.pedroandretta.info\/index\/wp-json\/wp\/v2\/posts\/9182","targetHints":{"allow":["GET"]}}],"collection":[{"href":"https:\/\/www.pedroandretta.info\/index\/wp-json\/wp\/v2\/posts"}],"about":[{"href":"https:\/\/www.pedroandretta.info\/index\/wp-json\/wp\/v2\/types\/post"}],"author":[{"embeddable":true,"href":"https:\/\/www.pedroandretta.info\/index\/wp-json\/wp\/v2\/users\/1"}],"replies":[{"embeddable":true,"href":"https:\/\/www.pedroandretta.info\/index\/wp-json\/wp\/v2\/comments?post=9182"}],"version-history":[{"count":0,"href":"https:\/\/www.pedroandretta.info\/index\/wp-json\/wp\/v2\/posts\/9182\/revisions"}],"wp:attachment":[{"href":"https:\/\/www.pedroandretta.info\/index\/wp-json\/wp\/v2\/media?parent=9182"}],"wp:term":[{"taxonomy":"category","embeddable":true,"href":"https:\/\/www.pedroandretta.info\/index\/wp-json\/wp\/v2\/categories?post=9182"},{"taxonomy":"post_tag","embeddable":true,"href":"https:\/\/www.pedroandretta.info\/index\/wp-json\/wp\/v2\/tags?post=9182"}],"curies":[{"name":"wp","href":"https:\/\/api.w.org\/{rel}","templated":true}]}}