{"id":9278,"date":"2021-02-16T14:48:56","date_gmt":"2021-02-16T18:48:56","guid":{"rendered":"https:\/\/www.pedroandretta.info\/index\/?p=9278"},"modified":"2021-02-16T14:48:56","modified_gmt":"2021-02-16T18:48:56","slug":"voce-conhece-o-icom-aplicativo-oferece-traducao-simultanea-em-libras-l-a-ferra","status":"publish","type":"post","link":"https:\/\/www.pedroandretta.info\/index\/2021\/02\/voce-conhece-o-icom-aplicativo-oferece-traducao-simultanea-em-libras-l-a-ferra\/","title":{"rendered":"Voc\u00ea conhece o Icom? Aplicativo oferece tradu\u00e7\u00e3o simult\u00e2nea em Libras l \u201cA ferra&#8230;"},"content":{"rendered":"<p>[ad_1]<\/p>\n<blockquote class=\"twitter-tweet\">\n<p lang=\"pt\" dir=\"ltr\">Voc\u00ea conhece o Icom? Aplicativo oferece tradu\u00e7\u00e3o simult\u00e2nea em Libras l \u201cA ferramenta efetua chamadas de v\u00eddeo para conectar um int\u00e9rprete de <a target=\"_blank\" href=\"https:\/\/twitter.com\/hashtag\/Libras?src=hash&amp;ref_src=twsrc%5Etfw\" rel=\"noopener noreferrer\">#Libras<\/a> para mediar a conversa entre o ouvinte e o surdo.\u201d <a target=\"_blank\" href=\"https:\/\/twitter.com\/hashtag\/ListasDeApps?src=hash&amp;ref_src=twsrc%5Etfw\" rel=\"noopener noreferrer\">#ListasDeApps<\/a> <a target=\"_blank\" href=\"https:\/\/twitter.com\/hashtag\/FerramentasOnline?src=hash&amp;ref_src=twsrc%5Etfw\" rel=\"noopener noreferrer\">#FerramentasOnline<\/a> via Olhar Digital <a target=\"_blank\" href=\"https:\/\/t.co\/nsfCZhUkk3\" rel=\"noopener noreferrer\">https:\/\/t.co\/nsfCZhUkk3<\/a><\/p>\n<p>&mdash; Pedro Andretta (@pedroisandretta) <a target=\"_blank\" href=\"https:\/\/twitter.com\/pedroisandretta\/status\/1361749419150966785?ref_src=twsrc%5Etfw\" rel=\"noopener noreferrer\">February 16, 2021<\/a><\/p><\/blockquote>\n<p><script async src=\"https:\/\/platform.twitter.com\/widgets.js\" charset=\"utf-8\"><\/script><\/p>\n<p>[ad_2]<br \/>\n<br \/><a href=\"https:\/\/twitter.com\/pedroisandretta\/statuses\/1361749419150966785\">Fonte<\/a> : Projeto <a href=\"https:\/\/www.pedroandretta.info\/informeci\">Informe-CI<\/a><\/p>\n","protected":false},"excerpt":{"rendered":"<p>[ad_1] Voc\u00ea conhece o Icom? Aplicativo oferece tradu\u00e7\u00e3o simult\u00e2nea em Libras l \u201cA ferramenta efetua chamadas de v\u00eddeo para conectar um int\u00e9rprete de #Libras para mediar a conversa entre o ouvinte e o surdo.\u201d #ListasDeApps #FerramentasOnline via Olhar Digital https:\/\/t.co\/nsfCZhUkk3 &mdash; Pedro Andretta (@pedroisandretta) February 16, 2021 [ad_2] Fonte : Projeto Informe-CI<\/p>\n","protected":false},"author":1,"featured_media":0,"comment_status":"open","ping_status":"open","sticky":false,"template":"","format":"standard","meta":{"_jetpack_memberships_contains_paid_content":false,"footnotes":"","jetpack_publicize_message":"","jetpack_publicize_feature_enabled":true,"jetpack_social_post_already_shared":true,"jetpack_social_options":{"image_generator_settings":{"template":"highway","default_image_id":0,"font":"","enabled":false},"version":2}},"categories":[21],"tags":[1578,639,1881],"class_list":["post-9278","post","type-post","status-publish","format-standard","hentry","category-informeci","tag-ferramentasonline","tag-libras","tag-listasdeapps"],"jetpack_publicize_connections":[],"jetpack_featured_media_url":"","views":"","jetpack_sharing_enabled":true,"_links":{"self":[{"href":"https:\/\/www.pedroandretta.info\/index\/wp-json\/wp\/v2\/posts\/9278","targetHints":{"allow":["GET"]}}],"collection":[{"href":"https:\/\/www.pedroandretta.info\/index\/wp-json\/wp\/v2\/posts"}],"about":[{"href":"https:\/\/www.pedroandretta.info\/index\/wp-json\/wp\/v2\/types\/post"}],"author":[{"embeddable":true,"href":"https:\/\/www.pedroandretta.info\/index\/wp-json\/wp\/v2\/users\/1"}],"replies":[{"embeddable":true,"href":"https:\/\/www.pedroandretta.info\/index\/wp-json\/wp\/v2\/comments?post=9278"}],"version-history":[{"count":0,"href":"https:\/\/www.pedroandretta.info\/index\/wp-json\/wp\/v2\/posts\/9278\/revisions"}],"wp:attachment":[{"href":"https:\/\/www.pedroandretta.info\/index\/wp-json\/wp\/v2\/media?parent=9278"}],"wp:term":[{"taxonomy":"category","embeddable":true,"href":"https:\/\/www.pedroandretta.info\/index\/wp-json\/wp\/v2\/categories?post=9278"},{"taxonomy":"post_tag","embeddable":true,"href":"https:\/\/www.pedroandretta.info\/index\/wp-json\/wp\/v2\/tags?post=9278"}],"curies":[{"name":"wp","href":"https:\/\/api.w.org\/{rel}","templated":true}]}}