{"id":9287,"date":"2021-02-17T22:11:22","date_gmt":"2021-02-18T02:11:22","guid":{"rendered":"https:\/\/www.pedroandretta.info\/index\/?p=9287"},"modified":"2021-02-17T22:11:22","modified_gmt":"2021-02-18T02:11:22","slug":"livros-e-filmes-abrem-as-portas-do-campo-digital-para-bibliotecas-e-centros","status":"publish","type":"post","link":"https:\/\/www.pedroandretta.info\/index\/2021\/02\/livros-e-filmes-abrem-as-portas-do-campo-digital-para-bibliotecas-e-centros\/","title":{"rendered":"Livros e filmes: abrem as portas do campo digital | \u201cPara bibliotecas e centros &#8230;"},"content":{"rendered":"<p>[ad_1]<\/p>\n<blockquote class=\"twitter-tweet\">\n<p lang=\"pt\" dir=\"ltr\">Livros e filmes: abrem as portas do campo digital | \u201cPara bibliotecas e centros educacionais,h\u00e1 uma diferen\u00e7a abismal entre a demanda por conte\u00fado digital e a oferta: esse \u00e9 o problema.\u201c <a target=\"_blank\" href=\"https:\/\/twitter.com\/hashtag\/MercadoEditorial?src=hash&amp;ref_src=twsrc%5Etfw\" rel=\"noopener noreferrer\">#MercadoEditorial<\/a> <a target=\"_blank\" href=\"https:\/\/twitter.com\/hashtag\/Educa%C3%A7%C3%A3o?src=hash&amp;ref_src=twsrc%5Etfw\" rel=\"noopener noreferrer\">#Educa\u00e7\u00e3o<\/a>  \ud83c\uddea\ud83c\uddf8 via <a target=\"_blank\" href=\"https:\/\/t.co\/3y86QJyrRX\" rel=\"noopener noreferrer\">https:\/\/t.co\/3y86QJyrRX<\/a> <a target=\"_blank\" href=\"https:\/\/t.co\/ydAil2SN0V\" rel=\"noopener noreferrer\">https:\/\/t.co\/ydAil2SN0V<\/a><\/p>\n<p>&mdash; Pedro Andretta (@pedroisandretta) <a target=\"_blank\" href=\"https:\/\/twitter.com\/pedroisandretta\/status\/1362223151028043779?ref_src=twsrc%5Etfw\" rel=\"noopener noreferrer\">February 18, 2021<\/a><\/p><\/blockquote>\n<p><script async src=\"https:\/\/platform.twitter.com\/widgets.js\" charset=\"utf-8\"><\/script><\/p>\n<p>[ad_2]<br \/>\n<br \/><a href=\"https:\/\/twitter.com\/pedroisandretta\/statuses\/1362223151028043779\">Fonte<\/a> : Projeto <a href=\"https:\/\/www.pedroandretta.info\/informeci\">Informe-CI<\/a><\/p>\n","protected":false},"excerpt":{"rendered":"<p>[ad_1] Livros e filmes: abrem as portas do campo digital | \u201cPara bibliotecas e centros educacionais,h\u00e1 uma diferen\u00e7a abismal entre a demanda por conte\u00fado digital e a oferta: esse \u00e9 o problema.\u201c #MercadoEditorial #Educa\u00e7\u00e3o \ud83c\uddea\ud83c\uddf8 via https:\/\/t.co\/3y86QJyrRX https:\/\/t.co\/ydAil2SN0V &mdash; Pedro Andretta (@pedroisandretta) February 18, 2021 [ad_2] Fonte : Projeto Informe-CI<\/p>\n","protected":false},"author":1,"featured_media":0,"comment_status":"open","ping_status":"open","sticky":false,"template":"","format":"standard","meta":{"_jetpack_memberships_contains_paid_content":false,"footnotes":"","jetpack_publicize_message":"","jetpack_publicize_feature_enabled":true,"jetpack_social_post_already_shared":true,"jetpack_social_options":{"image_generator_settings":{"template":"highway","default_image_id":0,"font":"","enabled":false},"version":2}},"categories":[21],"tags":[45,367],"class_list":["post-9287","post","type-post","status-publish","format-standard","hentry","category-informeci","tag-educacao","tag-mercadoeditorial"],"jetpack_publicize_connections":[],"jetpack_featured_media_url":"","views":"","jetpack_sharing_enabled":true,"_links":{"self":[{"href":"https:\/\/www.pedroandretta.info\/index\/wp-json\/wp\/v2\/posts\/9287","targetHints":{"allow":["GET"]}}],"collection":[{"href":"https:\/\/www.pedroandretta.info\/index\/wp-json\/wp\/v2\/posts"}],"about":[{"href":"https:\/\/www.pedroandretta.info\/index\/wp-json\/wp\/v2\/types\/post"}],"author":[{"embeddable":true,"href":"https:\/\/www.pedroandretta.info\/index\/wp-json\/wp\/v2\/users\/1"}],"replies":[{"embeddable":true,"href":"https:\/\/www.pedroandretta.info\/index\/wp-json\/wp\/v2\/comments?post=9287"}],"version-history":[{"count":0,"href":"https:\/\/www.pedroandretta.info\/index\/wp-json\/wp\/v2\/posts\/9287\/revisions"}],"wp:attachment":[{"href":"https:\/\/www.pedroandretta.info\/index\/wp-json\/wp\/v2\/media?parent=9287"}],"wp:term":[{"taxonomy":"category","embeddable":true,"href":"https:\/\/www.pedroandretta.info\/index\/wp-json\/wp\/v2\/categories?post=9287"},{"taxonomy":"post_tag","embeddable":true,"href":"https:\/\/www.pedroandretta.info\/index\/wp-json\/wp\/v2\/tags?post=9287"}],"curies":[{"name":"wp","href":"https:\/\/api.w.org\/{rel}","templated":true}]}}