{"id":9294,"date":"2021-02-18T17:16:07","date_gmt":"2021-02-18T21:16:07","guid":{"rendered":"https:\/\/www.pedroandretta.info\/index\/?p=9294"},"modified":"2021-02-18T17:16:07","modified_gmt":"2021-02-18T21:16:07","slug":"quem-escreveu-o-primeiro-artigo-cientificol-o-primeiro-periodico-cientifico-no","status":"publish","type":"post","link":"https:\/\/www.pedroandretta.info\/index\/2021\/02\/quem-escreveu-o-primeiro-artigo-cientificol-o-primeiro-periodico-cientifico-no\/","title":{"rendered":"Quem escreveu o primeiro artigo cient\u00edfico?l \u201cO primeiro peri\u00f3dico cient\u00edfico no&#8230;"},"content":{"rendered":"<p>[ad_1]<br \/>\n<img data-recalc-dims=\"1\" decoding=\"async\" src=\"https:\/\/i0.wp.com\/www.pedroandretta.info\/index\/wp-content\/uploads\/2021\/02\/Quem-escreveu-o-primeiro-artigo-cientificol-O-primeiro-periodico-cientifico.jpg?w=696&#038;ssl=1\"\/><\/p>\n<blockquote class=\"twitter-tweet\">\n<p lang=\"pt\" dir=\"ltr\">Quem escreveu o primeiro artigo cient\u00edfico?l \u201cO primeiro peri\u00f3dico cient\u00edfico nos moldes atuais foi o Journal des S\u00e7avans \u2013 ao p\u00e9 da letra, \u201cdi\u00e1rio dos s\u00e1bios\u201d\u2013, cuja edi\u00e7\u00e3o inaugural saiu na Fran\u00e7a em 5 de janeiro 1665.\u201d <a target=\"_blank\" href=\"https:\/\/twitter.com\/hashtag\/Comunica%C3%A7%C3%A3oCient%C3%ADfica?src=hash&amp;ref_src=twsrc%5Etfw\" rel=\"noopener noreferrer\">#Comunica\u00e7\u00e3oCient\u00edfica<\/a>  via Super <a target=\"_blank\" href=\"https:\/\/t.co\/8BuJqgEG7A\" rel=\"noopener noreferrer\">https:\/\/t.co\/8BuJqgEG7A<\/a><\/p>\n<p>&mdash; Pedro Andretta (@pedroisandretta) <a target=\"_blank\" href=\"https:\/\/twitter.com\/pedroisandretta\/status\/1362511237259665411?ref_src=twsrc%5Etfw\" rel=\"noopener noreferrer\">February 18, 2021<\/a><\/p><\/blockquote>\n<p><script async src=\"https:\/\/platform.twitter.com\/widgets.js\" charset=\"utf-8\"><\/script><\/p>\n<p>[ad_2]<br \/>\n<br \/><a href=\"https:\/\/twitter.com\/pedroisandretta\/statuses\/1362511237259665411\">Fonte<\/a> : Projeto <a href=\"https:\/\/www.pedroandretta.info\/informeci\">Informe-CI<\/a><\/p>\n","protected":false},"excerpt":{"rendered":"<p>[ad_1] Quem escreveu o primeiro artigo cient\u00edfico?l \u201cO primeiro peri\u00f3dico cient\u00edfico nos moldes atuais foi o Journal des S\u00e7avans \u2013 ao p\u00e9 da letra, \u201cdi\u00e1rio dos s\u00e1bios\u201d\u2013, cuja edi\u00e7\u00e3o inaugural saiu na Fran\u00e7a em 5 de janeiro 1665.\u201d #Comunica\u00e7\u00e3oCient\u00edfica via Super https:\/\/t.co\/8BuJqgEG7A &mdash; Pedro Andretta (@pedroisandretta) February 18, 2021 [ad_2] Fonte : Projeto Informe-CI<\/p>\n","protected":false},"author":1,"featured_media":9295,"comment_status":"open","ping_status":"open","sticky":false,"template":"","format":"standard","meta":{"_jetpack_memberships_contains_paid_content":false,"footnotes":"","jetpack_publicize_message":"","jetpack_publicize_feature_enabled":true,"jetpack_social_post_already_shared":true,"jetpack_social_options":{"image_generator_settings":{"template":"highway","default_image_id":0,"font":"","enabled":false},"version":2}},"categories":[21],"tags":[222],"class_list":["post-9294","post","type-post","status-publish","format-standard","has-post-thumbnail","hentry","category-informeci","tag-comunicacaocientifica"],"jetpack_publicize_connections":[],"jetpack_featured_media_url":"https:\/\/i0.wp.com\/www.pedroandretta.info\/index\/wp-content\/uploads\/2021\/02\/Quem-escreveu-o-primeiro-artigo-cientificol-O-primeiro-periodico-cientifico.jpg?fit=1200%2C627&ssl=1","views":"","jetpack_sharing_enabled":true,"_links":{"self":[{"href":"https:\/\/www.pedroandretta.info\/index\/wp-json\/wp\/v2\/posts\/9294","targetHints":{"allow":["GET"]}}],"collection":[{"href":"https:\/\/www.pedroandretta.info\/index\/wp-json\/wp\/v2\/posts"}],"about":[{"href":"https:\/\/www.pedroandretta.info\/index\/wp-json\/wp\/v2\/types\/post"}],"author":[{"embeddable":true,"href":"https:\/\/www.pedroandretta.info\/index\/wp-json\/wp\/v2\/users\/1"}],"replies":[{"embeddable":true,"href":"https:\/\/www.pedroandretta.info\/index\/wp-json\/wp\/v2\/comments?post=9294"}],"version-history":[{"count":0,"href":"https:\/\/www.pedroandretta.info\/index\/wp-json\/wp\/v2\/posts\/9294\/revisions"}],"wp:featuredmedia":[{"embeddable":true,"href":"https:\/\/www.pedroandretta.info\/index\/wp-json\/wp\/v2\/media\/9295"}],"wp:attachment":[{"href":"https:\/\/www.pedroandretta.info\/index\/wp-json\/wp\/v2\/media?parent=9294"}],"wp:term":[{"taxonomy":"category","embeddable":true,"href":"https:\/\/www.pedroandretta.info\/index\/wp-json\/wp\/v2\/categories?post=9294"},{"taxonomy":"post_tag","embeddable":true,"href":"https:\/\/www.pedroandretta.info\/index\/wp-json\/wp\/v2\/tags?post=9294"}],"curies":[{"name":"wp","href":"https:\/\/api.w.org\/{rel}","templated":true}]}}