{"id":9297,"date":"2021-02-18T17:20:01","date_gmt":"2021-02-18T21:20:01","guid":{"rendered":"https:\/\/www.pedroandretta.info\/index\/?p=9297"},"modified":"2021-02-18T17:20:01","modified_gmt":"2021-02-18T21:20:01","slug":"ignoradas-por-clubhouse-pessoas-com-deficiencia-pedem-redes-sociais-mais-ace","status":"publish","type":"post","link":"https:\/\/www.pedroandretta.info\/index\/2021\/02\/ignoradas-por-clubhouse-pessoas-com-deficiencia-pedem-redes-sociais-mais-ace\/","title":{"rendered":"\u201cIgnoradas\u201d por #Clubhouse, pessoas com defici\u00eancia pedem redes sociais mais ace&#8230;"},"content":{"rendered":"<p>[ad_1]<\/p>\n<blockquote class=\"twitter-tweet\">\n<p lang=\"pt\" dir=\"ltr\">\u201cIgnoradas\u201d por <a target=\"_blank\" href=\"https:\/\/twitter.com\/hashtag\/Clubhouse?src=hash&amp;ref_src=twsrc%5Etfw\" rel=\"noopener noreferrer\">#Clubhouse<\/a>, pessoas com defici\u00eancia pedem redes sociais mais acess\u00edveis l \u201cAl\u00e9m da \u201dclara\u201d limita\u00e7\u00e3o para pessoas surdas, o aplicativo foi alvo de reclama\u00e7\u00e3o de pessoas cegas [&#8230;].\u201d <a target=\"_blank\" href=\"https:\/\/twitter.com\/hashtag\/Acessibilidade?src=hash&amp;ref_src=twsrc%5Etfw\" rel=\"noopener noreferrer\">#Acessibilidade<\/a> <a target=\"_blank\" href=\"https:\/\/twitter.com\/hashtag\/PcD?src=hash&amp;ref_src=twsrc%5Etfw\" rel=\"noopener noreferrer\">#PcD<\/a> via BBC  <a target=\"_blank\" href=\"https:\/\/t.co\/M405hDTeye\" rel=\"noopener noreferrer\">https:\/\/t.co\/M405hDTeye<\/a><\/p>\n<p>&mdash; Pedro Andretta (@pedroisandretta) <a target=\"_blank\" href=\"https:\/\/twitter.com\/pedroisandretta\/status\/1362512216000503815?ref_src=twsrc%5Etfw\" rel=\"noopener noreferrer\">February 18, 2021<\/a><\/p><\/blockquote>\n<p><script async src=\"https:\/\/platform.twitter.com\/widgets.js\" charset=\"utf-8\"><\/script><\/p>\n<p>[ad_2]<br \/>\n<br \/><a href=\"https:\/\/twitter.com\/pedroisandretta\/statuses\/1362512216000503815\">Fonte<\/a> : Projeto <a href=\"https:\/\/www.pedroandretta.info\/informeci\">Informe-CI<\/a><\/p>\n","protected":false},"excerpt":{"rendered":"<p>[ad_1] \u201cIgnoradas\u201d por #Clubhouse, pessoas com defici\u00eancia pedem redes sociais mais acess\u00edveis l \u201cAl\u00e9m da \u201dclara\u201d limita\u00e7\u00e3o para pessoas surdas, o aplicativo foi alvo de reclama\u00e7\u00e3o de pessoas cegas [&#8230;].\u201d #Acessibilidade #PcD via BBC https:\/\/t.co\/M405hDTeye &mdash; Pedro Andretta (@pedroisandretta) February 18, 2021 [ad_2] Fonte : Projeto Informe-CI<\/p>\n","protected":false},"author":1,"featured_media":0,"comment_status":"open","ping_status":"open","sticky":false,"template":"","format":"standard","meta":{"_jetpack_memberships_contains_paid_content":false,"footnotes":"","jetpack_publicize_message":"","jetpack_publicize_feature_enabled":true,"jetpack_social_post_already_shared":true,"jetpack_social_options":{"image_generator_settings":{"template":"highway","default_image_id":0,"font":"","enabled":false},"version":2}},"categories":[21],"tags":[637,1930,102],"class_list":["post-9297","post","type-post","status-publish","format-standard","hentry","category-informeci","tag-acessibilidade","tag-clubhouse","tag-pessoascomdeficiencia"],"jetpack_publicize_connections":[],"jetpack_featured_media_url":"","views":"","jetpack_sharing_enabled":true,"_links":{"self":[{"href":"https:\/\/www.pedroandretta.info\/index\/wp-json\/wp\/v2\/posts\/9297","targetHints":{"allow":["GET"]}}],"collection":[{"href":"https:\/\/www.pedroandretta.info\/index\/wp-json\/wp\/v2\/posts"}],"about":[{"href":"https:\/\/www.pedroandretta.info\/index\/wp-json\/wp\/v2\/types\/post"}],"author":[{"embeddable":true,"href":"https:\/\/www.pedroandretta.info\/index\/wp-json\/wp\/v2\/users\/1"}],"replies":[{"embeddable":true,"href":"https:\/\/www.pedroandretta.info\/index\/wp-json\/wp\/v2\/comments?post=9297"}],"version-history":[{"count":0,"href":"https:\/\/www.pedroandretta.info\/index\/wp-json\/wp\/v2\/posts\/9297\/revisions"}],"wp:attachment":[{"href":"https:\/\/www.pedroandretta.info\/index\/wp-json\/wp\/v2\/media?parent=9297"}],"wp:term":[{"taxonomy":"category","embeddable":true,"href":"https:\/\/www.pedroandretta.info\/index\/wp-json\/wp\/v2\/categories?post=9297"},{"taxonomy":"post_tag","embeddable":true,"href":"https:\/\/www.pedroandretta.info\/index\/wp-json\/wp\/v2\/tags?post=9297"}],"curies":[{"name":"wp","href":"https:\/\/api.w.org\/{rel}","templated":true}]}}