{"id":9305,"date":"2021-02-19T03:28:23","date_gmt":"2021-02-19T07:28:23","guid":{"rendered":"https:\/\/www.pedroandretta.info\/index\/?p=9305"},"modified":"2021-02-19T03:28:23","modified_gmt":"2021-02-19T07:28:23","slug":"usando-sway-para-criar-curadoria-de-recursos-dinamicos-l-com-o-microsoft-sway","status":"publish","type":"post","link":"https:\/\/www.pedroandretta.info\/index\/2021\/02\/usando-sway-para-criar-curadoria-de-recursos-dinamicos-l-com-o-microsoft-sway\/","title":{"rendered":"Usando Sway para criar #curadoria de recursos din\u00e2micos l Com o Microsoft #Sway &#8230;"},"content":{"rendered":"<p>[ad_1]<\/p>\n<blockquote class=\"twitter-tweet\">\n<p lang=\"pt\" dir=\"ltr\">Usando Sway para criar <a target=\"_blank\" href=\"https:\/\/twitter.com\/hashtag\/curadoria?src=hash&amp;ref_src=twsrc%5Etfw\" rel=\"noopener noreferrer\">#curadoria<\/a> de recursos din\u00e2micos l Com o Microsoft <a target=\"_blank\" href=\"https:\/\/twitter.com\/hashtag\/Sway?src=hash&amp;ref_src=twsrc%5Etfw\" rel=\"noopener noreferrer\">#Sway<\/a> voc\u00ea pode criar e compartilhar apresenta\u00e7\u00f5es, narrativas, relat\u00f3rios interativos e muito mais. Uma op\u00e7\u00e3o bem bacana para <a target=\"_blank\" href=\"https:\/\/twitter.com\/hashtag\/projetos?src=hash&amp;ref_src=twsrc%5Etfw\" rel=\"noopener noreferrer\">#projetos<\/a> em Bibliotecas Escolares! \ud83c\uddfa\ud83c\uddf8 via AASL Blog  <a target=\"_blank\" href=\"https:\/\/t.co\/yvdpMayMCy\" rel=\"noopener noreferrer\">https:\/\/t.co\/yvdpMayMCy<\/a><\/p>\n<p>&mdash; Pedro Andretta (@pedroisandretta) <a target=\"_blank\" href=\"https:\/\/twitter.com\/pedroisandretta\/status\/1362665317734973442?ref_src=twsrc%5Etfw\" rel=\"noopener noreferrer\">February 19, 2021<\/a><\/p><\/blockquote>\n<p><script async src=\"https:\/\/platform.twitter.com\/widgets.js\" charset=\"utf-8\"><\/script><\/p>\n<p>[ad_2]<br \/>\n<br \/><a href=\"https:\/\/twitter.com\/pedroisandretta\/statuses\/1362665317734973442\">Fonte<\/a> : Projeto <a href=\"https:\/\/www.pedroandretta.info\/informeci\">Informe-CI<\/a><\/p>\n","protected":false},"excerpt":{"rendered":"<p>[ad_1] Usando Sway para criar #curadoria de recursos din\u00e2micos l Com o Microsoft #Sway voc\u00ea pode criar e compartilhar apresenta\u00e7\u00f5es, narrativas, relat\u00f3rios interativos e muito mais. Uma op\u00e7\u00e3o bem bacana para #projetos em Bibliotecas Escolares! \ud83c\uddfa\ud83c\uddf8 via AASL Blog https:\/\/t.co\/yvdpMayMCy &mdash; Pedro Andretta (@pedroisandretta) February 19, 2021 [ad_2] Fonte : Projeto Informe-CI<\/p>\n","protected":false},"author":1,"featured_media":0,"comment_status":"open","ping_status":"open","sticky":false,"template":"","format":"standard","meta":{"_jetpack_memberships_contains_paid_content":false,"footnotes":"","jetpack_publicize_message":"","jetpack_publicize_feature_enabled":true,"jetpack_social_post_already_shared":true,"jetpack_social_options":{"image_generator_settings":{"template":"highway","default_image_id":0,"font":"","enabled":false},"version":2}},"categories":[21],"tags":[844,433,1951],"class_list":["post-9305","post","type-post","status-publish","format-standard","hentry","category-informeci","tag-curadoria","tag-projetos","tag-sway"],"jetpack_publicize_connections":[],"jetpack_featured_media_url":"","views":"","jetpack_sharing_enabled":true,"_links":{"self":[{"href":"https:\/\/www.pedroandretta.info\/index\/wp-json\/wp\/v2\/posts\/9305","targetHints":{"allow":["GET"]}}],"collection":[{"href":"https:\/\/www.pedroandretta.info\/index\/wp-json\/wp\/v2\/posts"}],"about":[{"href":"https:\/\/www.pedroandretta.info\/index\/wp-json\/wp\/v2\/types\/post"}],"author":[{"embeddable":true,"href":"https:\/\/www.pedroandretta.info\/index\/wp-json\/wp\/v2\/users\/1"}],"replies":[{"embeddable":true,"href":"https:\/\/www.pedroandretta.info\/index\/wp-json\/wp\/v2\/comments?post=9305"}],"version-history":[{"count":0,"href":"https:\/\/www.pedroandretta.info\/index\/wp-json\/wp\/v2\/posts\/9305\/revisions"}],"wp:attachment":[{"href":"https:\/\/www.pedroandretta.info\/index\/wp-json\/wp\/v2\/media?parent=9305"}],"wp:term":[{"taxonomy":"category","embeddable":true,"href":"https:\/\/www.pedroandretta.info\/index\/wp-json\/wp\/v2\/categories?post=9305"},{"taxonomy":"post_tag","embeddable":true,"href":"https:\/\/www.pedroandretta.info\/index\/wp-json\/wp\/v2\/tags?post=9305"}],"curies":[{"name":"wp","href":"https:\/\/api.w.org\/{rel}","templated":true}]}}