{"id":9311,"date":"2021-02-19T14:18:44","date_gmt":"2021-02-19T18:18:44","guid":{"rendered":"https:\/\/www.pedroandretta.info\/index\/?p=9311"},"modified":"2021-02-19T14:18:44","modified_gmt":"2021-02-19T18:18:44","slug":"caderno-emilia-lanca-quinta-edicao-l-entrevista-com-fernanda-miranda-autora-d","status":"publish","type":"post","link":"https:\/\/www.pedroandretta.info\/index\/2021\/02\/caderno-emilia-lanca-quinta-edicao-l-entrevista-com-fernanda-miranda-autora-d\/","title":{"rendered":"\u201cCaderno Em\u00edlia\u201d lan\u00e7a quinta edi\u00e7\u00e3o l Entrevista com Fernanda Miranda, autora d&#8230;"},"content":{"rendered":"<p>[ad_1]<\/p>\n<blockquote class=\"twitter-tweet\">\n<p lang=\"pt\" dir=\"ltr\">\u201cCaderno Em\u00edlia\u201d lan\u00e7a quinta edi\u00e7\u00e3o l Entrevista com Fernanda Miranda, autora de \u201cSil\u00eancios prescritos: estudos de romances de <a target=\"_blank\" href=\"https:\/\/twitter.com\/hashtag\/AutorasNegras?src=hash&amp;ref_src=twsrc%5Etfw\" rel=\"noopener noreferrer\">#AutorasNegras<\/a> \u201d e textos sobre o papel da <a target=\"_blank\" href=\"https:\/\/twitter.com\/hashtag\/imagina%C3%A7%C3%A3o?src=hash&amp;ref_src=twsrc%5Etfw\" rel=\"noopener noreferrer\">#imagina\u00e7\u00e3o<\/a> e as contribui\u00e7\u00f5es da antropologia para <a target=\"_blank\" href=\"https:\/\/twitter.com\/hashtag\/Media%C3%A7%C3%A3oDeLeitura?src=hash&amp;ref_src=twsrc%5Etfw\" rel=\"noopener noreferrer\">#Media\u00e7\u00e3oDeLeitura<\/a>  via Rascunho <a target=\"_blank\" href=\"https:\/\/t.co\/qNxSXyRF1z\" rel=\"noopener noreferrer\">https:\/\/t.co\/qNxSXyRF1z<\/a><\/p>\n<p>&mdash; Pedro Andretta (@pedroisandretta) <a target=\"_blank\" href=\"https:\/\/twitter.com\/pedroisandretta\/status\/1362828982991921152?ref_src=twsrc%5Etfw\" rel=\"noopener noreferrer\">February 19, 2021<\/a><\/p><\/blockquote>\n<p><script async src=\"https:\/\/platform.twitter.com\/widgets.js\" charset=\"utf-8\"><\/script><\/p>\n<p>[ad_2]<br \/>\n<br \/><a href=\"https:\/\/twitter.com\/pedroisandretta\/statuses\/1362828982991921152\">Fonte<\/a> : Projeto <a href=\"https:\/\/www.pedroandretta.info\/informeci\">Informe-CI<\/a><\/p>\n","protected":false},"excerpt":{"rendered":"<p>[ad_1] \u201cCaderno Em\u00edlia\u201d lan\u00e7a quinta edi\u00e7\u00e3o l Entrevista com Fernanda Miranda, autora de \u201cSil\u00eancios prescritos: estudos de romances de #AutorasNegras \u201d e textos sobre o papel da #imagina\u00e7\u00e3o e as contribui\u00e7\u00f5es da antropologia para #Media\u00e7\u00e3oDeLeitura via Rascunho https:\/\/t.co\/qNxSXyRF1z &mdash; Pedro Andretta (@pedroisandretta) February 19, 2021 [ad_2] Fonte : Projeto Informe-CI<\/p>\n","protected":false},"author":1,"featured_media":0,"comment_status":"open","ping_status":"open","sticky":false,"template":"","format":"standard","meta":{"_jetpack_memberships_contains_paid_content":false,"footnotes":"","jetpack_publicize_message":"","jetpack_publicize_feature_enabled":true,"jetpack_social_post_already_shared":true,"jetpack_social_options":{"image_generator_settings":{"template":"highway","default_image_id":0,"font":"","enabled":false},"version":2}},"categories":[21],"tags":[2130,1054,83],"class_list":["post-9311","post","type-post","status-publish","format-standard","hentry","category-informeci","tag-escritorasnegras","tag-imaginacao","tag-mediacaodeleitura"],"jetpack_publicize_connections":[],"jetpack_featured_media_url":"","views":"","jetpack_sharing_enabled":true,"_links":{"self":[{"href":"https:\/\/www.pedroandretta.info\/index\/wp-json\/wp\/v2\/posts\/9311","targetHints":{"allow":["GET"]}}],"collection":[{"href":"https:\/\/www.pedroandretta.info\/index\/wp-json\/wp\/v2\/posts"}],"about":[{"href":"https:\/\/www.pedroandretta.info\/index\/wp-json\/wp\/v2\/types\/post"}],"author":[{"embeddable":true,"href":"https:\/\/www.pedroandretta.info\/index\/wp-json\/wp\/v2\/users\/1"}],"replies":[{"embeddable":true,"href":"https:\/\/www.pedroandretta.info\/index\/wp-json\/wp\/v2\/comments?post=9311"}],"version-history":[{"count":0,"href":"https:\/\/www.pedroandretta.info\/index\/wp-json\/wp\/v2\/posts\/9311\/revisions"}],"wp:attachment":[{"href":"https:\/\/www.pedroandretta.info\/index\/wp-json\/wp\/v2\/media?parent=9311"}],"wp:term":[{"taxonomy":"category","embeddable":true,"href":"https:\/\/www.pedroandretta.info\/index\/wp-json\/wp\/v2\/categories?post=9311"},{"taxonomy":"post_tag","embeddable":true,"href":"https:\/\/www.pedroandretta.info\/index\/wp-json\/wp\/v2\/tags?post=9311"}],"curies":[{"name":"wp","href":"https:\/\/api.w.org\/{rel}","templated":true}]}}