{"id":9334,"date":"2021-02-21T19:31:54","date_gmt":"2021-02-21T23:31:54","guid":{"rendered":"https:\/\/www.pedroandretta.info\/index\/?p=9334"},"modified":"2021-02-21T19:31:54","modified_gmt":"2021-02-21T23:31:54","slug":"seus-filhos-nao-sao-muito-velhos-para-livros-ilustrados-e-nem-voce-l-os-livro","status":"publish","type":"post","link":"https:\/\/www.pedroandretta.info\/index\/2021\/02\/seus-filhos-nao-sao-muito-velhos-para-livros-ilustrados-e-nem-voce-l-os-livro\/","title":{"rendered":"Seus filhos n\u00e3o s\u00e3o muito velhos para livros ilustrados, e nem voc\u00ea l \u201cOs #Livro&#8230;"},"content":{"rendered":"<p>[ad_1]<br \/>\n<img data-recalc-dims=\"1\" decoding=\"async\" src=\"https:\/\/i0.wp.com\/www.pedroandretta.info\/index\/wp-content\/uploads\/2021\/02\/Seus-filhos-nao-sao-muito-velhos-para-livros-ilustrados-e.jpg?w=696&#038;ssl=1\"\/><\/p>\n<blockquote class=\"twitter-tweet\">\n<p lang=\"pt\" dir=\"ltr\">Seus filhos n\u00e3o s\u00e3o muito velhos para livros ilustrados, e nem voc\u00ea l \u201cOs <a target=\"_blank\" href=\"https:\/\/twitter.com\/hashtag\/LivrosIlustrados?src=hash&amp;ref_src=twsrc%5Etfw\" rel=\"noopener noreferrer\">#LivrosIlustrados<\/a> tamb\u00e9m oferecem uma maneira acess\u00edvel para as crian\u00e7as entenderem que os livros s\u00e3o para elas, n\u00e3o importa quem sejam ou de onde vieram.\u201d <a target=\"_blank\" href=\"https:\/\/twitter.com\/hashtag\/Ilustra%C3%A7%C3%A3o?src=hash&amp;ref_src=twsrc%5Etfw\" rel=\"noopener noreferrer\">#Ilustra\u00e7\u00e3o<\/a> \ud83c\uddfa\ud83c\uddf8via <a target=\"_blank\" href=\"https:\/\/twitter.com\/nytimes?ref_src=twsrc%5Etfw\" rel=\"noopener noreferrer\">@nytimes<\/a> <a target=\"_blank\" href=\"https:\/\/t.co\/VIDhUiRyWA\" rel=\"noopener noreferrer\">https:\/\/t.co\/VIDhUiRyWA<\/a><\/p>\n<p>&mdash; Pedro Andretta (@pedroisandretta) <a target=\"_blank\" href=\"https:\/\/twitter.com\/pedroisandretta\/status\/1363632572207620099?ref_src=twsrc%5Etfw\" rel=\"noopener noreferrer\">February 21, 2021<\/a><\/p><\/blockquote>\n<p><script async src=\"https:\/\/platform.twitter.com\/widgets.js\" charset=\"utf-8\"><\/script><\/p>\n<p>[ad_2]<br \/>\n<br \/><a href=\"https:\/\/twitter.com\/pedroisandretta\/statuses\/1363632572207620099\">Fonte<\/a> : Projeto <a href=\"https:\/\/www.pedroandretta.info\/informeci\">Informe-CI<\/a><\/p>\n","protected":false},"excerpt":{"rendered":"<p>[ad_1] Seus filhos n\u00e3o s\u00e3o muito velhos para livros ilustrados, e nem voc\u00ea l \u201cOs #LivrosIlustrados tamb\u00e9m oferecem uma maneira acess\u00edvel para as crian\u00e7as entenderem que os livros s\u00e3o para elas, n\u00e3o importa quem sejam ou de onde vieram.\u201d #Ilustra\u00e7\u00e3o \ud83c\uddfa\ud83c\uddf8via @nytimes https:\/\/t.co\/VIDhUiRyWA &mdash; Pedro Andretta (@pedroisandretta) February 21, 2021 [ad_2] Fonte : Projeto Informe-CI<\/p>\n","protected":false},"author":1,"featured_media":9335,"comment_status":"open","ping_status":"open","sticky":false,"template":"","format":"standard","meta":{"_jetpack_memberships_contains_paid_content":false,"footnotes":"","jetpack_publicize_message":"","jetpack_publicize_feature_enabled":true,"jetpack_social_post_already_shared":true,"jetpack_social_options":{"image_generator_settings":{"template":"highway","default_image_id":0,"font":"","enabled":false},"version":2}},"categories":[21],"tags":[489,1962],"class_list":["post-9334","post","type-post","status-publish","format-standard","has-post-thumbnail","hentry","category-informeci","tag-ilustracoes","tag-livrosilustrados"],"jetpack_publicize_connections":[],"jetpack_featured_media_url":"https:\/\/i0.wp.com\/www.pedroandretta.info\/index\/wp-content\/uploads\/2021\/02\/Seus-filhos-nao-sao-muito-velhos-para-livros-ilustrados-e-scaled.jpg?fit=2560%2C1441&ssl=1","views":"","jetpack_sharing_enabled":true,"_links":{"self":[{"href":"https:\/\/www.pedroandretta.info\/index\/wp-json\/wp\/v2\/posts\/9334","targetHints":{"allow":["GET"]}}],"collection":[{"href":"https:\/\/www.pedroandretta.info\/index\/wp-json\/wp\/v2\/posts"}],"about":[{"href":"https:\/\/www.pedroandretta.info\/index\/wp-json\/wp\/v2\/types\/post"}],"author":[{"embeddable":true,"href":"https:\/\/www.pedroandretta.info\/index\/wp-json\/wp\/v2\/users\/1"}],"replies":[{"embeddable":true,"href":"https:\/\/www.pedroandretta.info\/index\/wp-json\/wp\/v2\/comments?post=9334"}],"version-history":[{"count":0,"href":"https:\/\/www.pedroandretta.info\/index\/wp-json\/wp\/v2\/posts\/9334\/revisions"}],"wp:featuredmedia":[{"embeddable":true,"href":"https:\/\/www.pedroandretta.info\/index\/wp-json\/wp\/v2\/media\/9335"}],"wp:attachment":[{"href":"https:\/\/www.pedroandretta.info\/index\/wp-json\/wp\/v2\/media?parent=9334"}],"wp:term":[{"taxonomy":"category","embeddable":true,"href":"https:\/\/www.pedroandretta.info\/index\/wp-json\/wp\/v2\/categories?post=9334"},{"taxonomy":"post_tag","embeddable":true,"href":"https:\/\/www.pedroandretta.info\/index\/wp-json\/wp\/v2\/tags?post=9334"}],"curies":[{"name":"wp","href":"https:\/\/api.w.org\/{rel}","templated":true}]}}