{"id":9362,"date":"2021-02-23T16:07:17","date_gmt":"2021-02-23T20:07:17","guid":{"rendered":"https:\/\/www.pedroandretta.info\/index\/?p=9362"},"modified":"2021-02-23T16:07:17","modified_gmt":"2021-02-23T20:07:17","slug":"informe-publicitario-negacionista-nos-jornais-o-globo-e-folha-atesta-divisao","status":"publish","type":"post","link":"https:\/\/www.pedroandretta.info\/index\/2021\/02\/informe-publicitario-negacionista-nos-jornais-o-globo-e-folha-atesta-divisao\/","title":{"rendered":"\u201cInforme publicit\u00e1rio\u201d negacionista nos #jornais O Globo e Folha atesta divis\u00e3o &#8230;"},"content":{"rendered":"<p>[ad_1]<br \/>\n<img data-recalc-dims=\"1\" decoding=\"async\" src=\"https:\/\/i0.wp.com\/www.pedroandretta.info\/index\/wp-content\/uploads\/2021\/02\/Informe-publicitario-negacionista-nos-jornais-O-Globo-e-Folha-atesta.jpg?w=696&#038;ssl=1\"\/><\/p>\n<blockquote class=\"twitter-tweet\">\n<p lang=\"pt\" dir=\"ltr\">\u201cInforme publicit\u00e1rio\u201d negacionista nos <a target=\"_blank\" href=\"https:\/\/twitter.com\/hashtag\/jornais?src=hash&amp;ref_src=twsrc%5Etfw\" rel=\"noopener noreferrer\">#jornais<\/a> O Globo e Folha atesta divis\u00e3o entre <a target=\"_blank\" href=\"https:\/\/twitter.com\/hashtag\/editorial?src=hash&amp;ref_src=twsrc%5Etfw\" rel=\"noopener noreferrer\">#editorial<\/a> e comercial l \u201cPresente nas edi\u00e7\u00f5es impressas da Folha de S\u00e3o Paulo e do O Globo, o an\u00fancio foi pago pela Associa\u00e7\u00e3o M\u00e9dicos pela Vida\u201d <a target=\"_blank\" href=\"https:\/\/twitter.com\/hashtag\/negacionismo?src=hash&amp;ref_src=twsrc%5Etfw\" rel=\"noopener noreferrer\">#negacionismo<\/a> via B9 <a target=\"_blank\" href=\"https:\/\/t.co\/H1GNz0xmCf\" rel=\"noopener noreferrer\">https:\/\/t.co\/H1GNz0xmCf<\/a><\/p>\n<p>&mdash; Pedro Andretta (@pedroisandretta) <a target=\"_blank\" href=\"https:\/\/twitter.com\/pedroisandretta\/status\/1364305853386551300?ref_src=twsrc%5Etfw\" rel=\"noopener noreferrer\">February 23, 2021<\/a><\/p><\/blockquote>\n<p><script async src=\"https:\/\/platform.twitter.com\/widgets.js\" charset=\"utf-8\"><\/script><\/p>\n<p>[ad_2]<br \/>\n<br \/><a href=\"https:\/\/twitter.com\/pedroisandretta\/statuses\/1364305853386551300\">Fonte<\/a> : Projeto <a href=\"https:\/\/www.pedroandretta.info\/informeci\">Informe-CI<\/a><\/p>\n","protected":false},"excerpt":{"rendered":"<p>[ad_1] \u201cInforme publicit\u00e1rio\u201d negacionista nos #jornais O Globo e Folha atesta divis\u00e3o entre #editorial e comercial l \u201cPresente nas edi\u00e7\u00f5es impressas da Folha de S\u00e3o Paulo e do O Globo, o an\u00fancio foi pago pela Associa\u00e7\u00e3o M\u00e9dicos pela Vida\u201d #negacionismo via B9 https:\/\/t.co\/H1GNz0xmCf &mdash; Pedro Andretta (@pedroisandretta) February 23, 2021 [ad_2] Fonte : Projeto Informe-CI<\/p>\n","protected":false},"author":1,"featured_media":9363,"comment_status":"open","ping_status":"open","sticky":false,"template":"","format":"standard","meta":{"_jetpack_memberships_contains_paid_content":false,"footnotes":"","jetpack_publicize_message":"","jetpack_publicize_feature_enabled":true,"jetpack_social_post_already_shared":true,"jetpack_social_options":{"image_generator_settings":{"template":"highway","default_image_id":0,"font":"","enabled":false},"version":2}},"categories":[21],"tags":[3148,1234,1051],"class_list":["post-9362","post","type-post","status-publish","format-standard","has-post-thumbnail","hentry","category-informeci","tag-editoriais","tag-jornais","tag-negacionismo"],"jetpack_publicize_connections":[],"jetpack_featured_media_url":"https:\/\/i0.wp.com\/www.pedroandretta.info\/index\/wp-content\/uploads\/2021\/02\/Informe-publicitario-negacionista-nos-jornais-O-Globo-e-Folha-atesta.jpg?fit=1920%2C1080&ssl=1","views":"","jetpack_sharing_enabled":true,"_links":{"self":[{"href":"https:\/\/www.pedroandretta.info\/index\/wp-json\/wp\/v2\/posts\/9362","targetHints":{"allow":["GET"]}}],"collection":[{"href":"https:\/\/www.pedroandretta.info\/index\/wp-json\/wp\/v2\/posts"}],"about":[{"href":"https:\/\/www.pedroandretta.info\/index\/wp-json\/wp\/v2\/types\/post"}],"author":[{"embeddable":true,"href":"https:\/\/www.pedroandretta.info\/index\/wp-json\/wp\/v2\/users\/1"}],"replies":[{"embeddable":true,"href":"https:\/\/www.pedroandretta.info\/index\/wp-json\/wp\/v2\/comments?post=9362"}],"version-history":[{"count":0,"href":"https:\/\/www.pedroandretta.info\/index\/wp-json\/wp\/v2\/posts\/9362\/revisions"}],"wp:featuredmedia":[{"embeddable":true,"href":"https:\/\/www.pedroandretta.info\/index\/wp-json\/wp\/v2\/media\/9363"}],"wp:attachment":[{"href":"https:\/\/www.pedroandretta.info\/index\/wp-json\/wp\/v2\/media?parent=9362"}],"wp:term":[{"taxonomy":"category","embeddable":true,"href":"https:\/\/www.pedroandretta.info\/index\/wp-json\/wp\/v2\/categories?post=9362"},{"taxonomy":"post_tag","embeddable":true,"href":"https:\/\/www.pedroandretta.info\/index\/wp-json\/wp\/v2\/tags?post=9362"}],"curies":[{"name":"wp","href":"https:\/\/api.w.org\/{rel}","templated":true}]}}