{"id":9366,"date":"2021-02-23T16:04:43","date_gmt":"2021-02-23T20:04:43","guid":{"rendered":"https:\/\/www.pedroandretta.info\/index\/?p=9366"},"modified":"2021-02-23T16:04:43","modified_gmt":"2021-02-23T20:04:43","slug":"entrevista-com-o-coordenador-do-museudememes-sobre-fenomeno-dos-memes-l-memes","status":"publish","type":"post","link":"https:\/\/www.pedroandretta.info\/index\/2021\/02\/entrevista-com-o-coordenador-do-museudememes-sobre-fenomeno-dos-memes-l-memes\/","title":{"rendered":"#Entrevista com o coordenador do MUSEUdeMEMES sobre fen\u00f4meno dos memes l #Memes &#8230;"},"content":{"rendered":"<p>[ad_1]<\/p>\n<blockquote class=\"twitter-tweet\">\n<p lang=\"pt\" dir=\"ltr\"><a target=\"_blank\" href=\"https:\/\/twitter.com\/hashtag\/Entrevista?src=hash&amp;ref_src=twsrc%5Etfw\" rel=\"noopener noreferrer\">#Entrevista<\/a> com o coordenador do MUSEUdeMEMES sobre fen\u00f4meno dos memes l <a target=\"_blank\" href=\"https:\/\/twitter.com\/hashtag\/Memes?src=hash&amp;ref_src=twsrc%5Etfw\" rel=\"noopener noreferrer\">#Memes<\/a> \u201ctornaram-se pe\u00e7as fundamentais na difus\u00e3o de mensagens e ideias de todos os tipos, sendo, inclusive, recursos de estrat\u00e9gias pol\u00edticas e divulga\u00e7\u00e3o cient\u00edfica\u201d via Bruno Lara <a target=\"_blank\" href=\"https:\/\/t.co\/v9osW5S8QR\" rel=\"noopener noreferrer\">https:\/\/t.co\/v9osW5S8QR<\/a><\/p>\n<p>&mdash; Pedro Andretta (@pedroisandretta) <a target=\"_blank\" href=\"https:\/\/twitter.com\/pedroisandretta\/status\/1364305207073656834?ref_src=twsrc%5Etfw\" rel=\"noopener noreferrer\">February 23, 2021<\/a><\/p><\/blockquote>\n<p><script async src=\"https:\/\/platform.twitter.com\/widgets.js\" charset=\"utf-8\"><\/script><\/p>\n<p>[ad_2]<br \/>\n<br \/><a href=\"https:\/\/twitter.com\/pedroisandretta\/statuses\/1364305207073656834\">Fonte<\/a> : Projeto <a href=\"https:\/\/www.pedroandretta.info\/informeci\">Informe-CI<\/a><\/p>\n","protected":false},"excerpt":{"rendered":"<p>[ad_1] #Entrevista com o coordenador do MUSEUdeMEMES sobre fen\u00f4meno dos memes l #Memes \u201ctornaram-se pe\u00e7as fundamentais na difus\u00e3o de mensagens e ideias de todos os tipos, sendo, inclusive, recursos de estrat\u00e9gias pol\u00edticas e divulga\u00e7\u00e3o cient\u00edfica\u201d via Bruno Lara https:\/\/t.co\/v9osW5S8QR &mdash; Pedro Andretta (@pedroisandretta) February 23, 2021 [ad_2] Fonte : Projeto Informe-CI<\/p>\n","protected":false},"author":1,"featured_media":0,"comment_status":"open","ping_status":"open","sticky":false,"template":"","format":"standard","meta":{"_jetpack_memberships_contains_paid_content":false,"footnotes":"","jetpack_publicize_message":"","jetpack_publicize_feature_enabled":true,"jetpack_social_post_already_shared":true,"jetpack_social_options":{"image_generator_settings":{"template":"highway","default_image_id":0,"font":"","enabled":false},"version":2}},"categories":[21],"tags":[601,1294],"class_list":["post-9366","post","type-post","status-publish","format-standard","hentry","category-informeci","tag-entrevista","tag-memes"],"jetpack_publicize_connections":[],"jetpack_featured_media_url":"","views":"","jetpack_sharing_enabled":true,"_links":{"self":[{"href":"https:\/\/www.pedroandretta.info\/index\/wp-json\/wp\/v2\/posts\/9366","targetHints":{"allow":["GET"]}}],"collection":[{"href":"https:\/\/www.pedroandretta.info\/index\/wp-json\/wp\/v2\/posts"}],"about":[{"href":"https:\/\/www.pedroandretta.info\/index\/wp-json\/wp\/v2\/types\/post"}],"author":[{"embeddable":true,"href":"https:\/\/www.pedroandretta.info\/index\/wp-json\/wp\/v2\/users\/1"}],"replies":[{"embeddable":true,"href":"https:\/\/www.pedroandretta.info\/index\/wp-json\/wp\/v2\/comments?post=9366"}],"version-history":[{"count":0,"href":"https:\/\/www.pedroandretta.info\/index\/wp-json\/wp\/v2\/posts\/9366\/revisions"}],"wp:attachment":[{"href":"https:\/\/www.pedroandretta.info\/index\/wp-json\/wp\/v2\/media?parent=9366"}],"wp:term":[{"taxonomy":"category","embeddable":true,"href":"https:\/\/www.pedroandretta.info\/index\/wp-json\/wp\/v2\/categories?post=9366"},{"taxonomy":"post_tag","embeddable":true,"href":"https:\/\/www.pedroandretta.info\/index\/wp-json\/wp\/v2\/tags?post=9366"}],"curies":[{"name":"wp","href":"https:\/\/api.w.org\/{rel}","templated":true}]}}