{"id":9377,"date":"2021-02-24T15:54:31","date_gmt":"2021-02-24T19:54:31","guid":{"rendered":"https:\/\/www.pedroandretta.info\/index\/?p=9377"},"modified":"2021-02-24T15:54:31","modified_gmt":"2021-02-24T19:54:31","slug":"como-superar-as-desigualdades-em-educacao-no-brasil-igualdade-ou-equidade-l-pe","status":"publish","type":"post","link":"https:\/\/www.pedroandretta.info\/index\/2021\/02\/como-superar-as-desigualdades-em-educacao-no-brasil-igualdade-ou-equidade-l-pe\/","title":{"rendered":"Como superar as desigualdades em educa\u00e7\u00e3o no Brasil: igualdade ou equidade? l Pe&#8230;"},"content":{"rendered":"<p>[ad_1]<\/p>\n<blockquote class=\"twitter-tweet\">\n<p lang=\"pt\" dir=\"ltr\">Como superar as desigualdades em educa\u00e7\u00e3o no Brasil: igualdade ou equidade? l Pensar em <a target=\"_blank\" href=\"https:\/\/twitter.com\/hashtag\/Igualdade?src=hash&amp;ref_src=twsrc%5Etfw\" rel=\"noopener noreferrer\">#Igualdade<\/a> n\u00e3o \u00e9 suficiente, \u00e9 preciso o \u201cPrinc\u00edpio da <a target=\"_blank\" href=\"https:\/\/twitter.com\/hashtag\/Equidade?src=hash&amp;ref_src=twsrc%5Etfw\" rel=\"noopener noreferrer\">#Equidade<\/a> \u201d,  i.e, priorizar os que est\u00e3o em situa\u00e7\u00e3o de desvantagem social. <a target=\"_blank\" href=\"https:\/\/twitter.com\/hashtag\/Educa%C3%A7%C3%A3o?src=hash&amp;ref_src=twsrc%5Etfw\" rel=\"noopener noreferrer\">#Educa\u00e7\u00e3o<\/a> via SciELO em Perspectiva <a target=\"_blank\" href=\"https:\/\/t.co\/LBWiS93ql7\" rel=\"noopener noreferrer\">https:\/\/t.co\/LBWiS93ql7<\/a><\/p>\n<p>&mdash; Pedro Andretta (@pedroisandretta) <a target=\"_blank\" href=\"https:\/\/twitter.com\/pedroisandretta\/status\/1364665028176203785?ref_src=twsrc%5Etfw\" rel=\"noopener noreferrer\">February 24, 2021<\/a><\/p><\/blockquote>\n<p><script async src=\"https:\/\/platform.twitter.com\/widgets.js\" charset=\"utf-8\"><\/script><\/p>\n<p>[ad_2]<br \/>\n<br \/><a href=\"https:\/\/twitter.com\/pedroisandretta\/statuses\/1364665028176203785\">Fonte<\/a> : Projeto <a href=\"https:\/\/www.pedroandretta.info\/informeci\">Informe-CI<\/a><\/p>\n","protected":false},"excerpt":{"rendered":"<p>[ad_1] Como superar as desigualdades em educa\u00e7\u00e3o no Brasil: igualdade ou equidade? l Pensar em #Igualdade n\u00e3o \u00e9 suficiente, \u00e9 preciso o \u201cPrinc\u00edpio da #Equidade \u201d, i.e, priorizar os que est\u00e3o em situa\u00e7\u00e3o de desvantagem social. #Educa\u00e7\u00e3o via SciELO em Perspectiva https:\/\/t.co\/LBWiS93ql7 &mdash; Pedro Andretta (@pedroisandretta) February 24, 2021 [ad_2] Fonte : Projeto Informe-CI<\/p>\n","protected":false},"author":1,"featured_media":0,"comment_status":"open","ping_status":"open","sticky":false,"template":"","format":"standard","meta":{"_jetpack_memberships_contains_paid_content":false,"footnotes":"","jetpack_publicize_message":"","jetpack_publicize_feature_enabled":true,"jetpack_social_post_already_shared":true,"jetpack_social_options":{"image_generator_settings":{"template":"highway","default_image_id":0,"font":"","enabled":false},"version":2}},"categories":[21],"tags":[45,1013,1974],"class_list":["post-9377","post","type-post","status-publish","format-standard","hentry","category-informeci","tag-educacao","tag-equidade","tag-igualdade"],"jetpack_publicize_connections":[],"jetpack_featured_media_url":"","views":"","jetpack_sharing_enabled":true,"_links":{"self":[{"href":"https:\/\/www.pedroandretta.info\/index\/wp-json\/wp\/v2\/posts\/9377","targetHints":{"allow":["GET"]}}],"collection":[{"href":"https:\/\/www.pedroandretta.info\/index\/wp-json\/wp\/v2\/posts"}],"about":[{"href":"https:\/\/www.pedroandretta.info\/index\/wp-json\/wp\/v2\/types\/post"}],"author":[{"embeddable":true,"href":"https:\/\/www.pedroandretta.info\/index\/wp-json\/wp\/v2\/users\/1"}],"replies":[{"embeddable":true,"href":"https:\/\/www.pedroandretta.info\/index\/wp-json\/wp\/v2\/comments?post=9377"}],"version-history":[{"count":0,"href":"https:\/\/www.pedroandretta.info\/index\/wp-json\/wp\/v2\/posts\/9377\/revisions"}],"wp:attachment":[{"href":"https:\/\/www.pedroandretta.info\/index\/wp-json\/wp\/v2\/media?parent=9377"}],"wp:term":[{"taxonomy":"category","embeddable":true,"href":"https:\/\/www.pedroandretta.info\/index\/wp-json\/wp\/v2\/categories?post=9377"},{"taxonomy":"post_tag","embeddable":true,"href":"https:\/\/www.pedroandretta.info\/index\/wp-json\/wp\/v2\/tags?post=9377"}],"curies":[{"name":"wp","href":"https:\/\/api.w.org\/{rel}","templated":true}]}}