{"id":9437,"date":"2021-03-01T19:33:29","date_gmt":"2021-03-01T23:33:29","guid":{"rendered":"https:\/\/www.pedroandretta.info\/index\/?p=9437"},"modified":"2021-03-01T19:33:29","modified_gmt":"2021-03-01T23:33:29","slug":"entrevistas-alem-do-tempo-aborda-o-combate-ao-racismoestrutural-no-meio-cien","status":"publish","type":"post","link":"https:\/\/www.pedroandretta.info\/index\/2021\/03\/entrevistas-alem-do-tempo-aborda-o-combate-ao-racismoestrutural-no-meio-cien\/","title":{"rendered":"\u201cEntrevistas Al\u00e9m do Tempo\u201d: aborda o combate ao #RacismoEstrutural no meio cien&#8230;"},"content":{"rendered":"<p>[ad_1]<br \/>\n<img data-recalc-dims=\"1\" decoding=\"async\" src=\"https:\/\/i0.wp.com\/www.pedroandretta.info\/index\/wp-content\/uploads\/2021\/03\/Entrevistas-Alem-do-Tempo-aborda-o-combate-ao-RacismoEstrutural-no.png?w=696&#038;ssl=1\"\/><\/p>\n<blockquote class=\"twitter-tweet\">\n<p lang=\"pt\" dir=\"ltr\">\u201cEntrevistas Al\u00e9m do Tempo\u201d: aborda o combate ao <a target=\"_blank\" href=\"https:\/\/twitter.com\/hashtag\/RacismoEstrutural?src=hash&amp;ref_src=twsrc%5Etfw\" rel=\"noopener noreferrer\">#RacismoEstrutural<\/a> no meio cient\u00edfico l <a target=\"_blank\" href=\"https:\/\/twitter.com\/hashtag\/Quadrinho?src=hash&amp;ref_src=twsrc%5Etfw\" rel=\"noopener noreferrer\">#Quadrinho<\/a> \u00e9 baseado em hist\u00f3rias como a das cientistas negras pioneiras na Nasa, cruciais para os EUA durante a corrida espacial. <a target=\"_blank\" href=\"https:\/\/twitter.com\/hashtag\/Ci%C3%AAncia?src=hash&amp;ref_src=twsrc%5Etfw\" rel=\"noopener noreferrer\">#Ci\u00eancia<\/a> <a target=\"_blank\" href=\"https:\/\/twitter.com\/hashtag\/MulheresNaCi%C3%AAncia?src=hash&amp;ref_src=twsrc%5Etfw\" rel=\"noopener noreferrer\">#MulheresNaCi\u00eancia<\/a> via UOL  <a target=\"_blank\" href=\"https:\/\/t.co\/Zl6tBuFpHY\" rel=\"noopener noreferrer\">https:\/\/t.co\/Zl6tBuFpHY<\/a><\/p>\n<p>&mdash; Pedro Andretta (@pedroisandretta) <a target=\"_blank\" href=\"https:\/\/twitter.com\/pedroisandretta\/status\/1366532073109004291?ref_src=twsrc%5Etfw\" rel=\"noopener noreferrer\">March 1, 2021<\/a><\/p><\/blockquote>\n<p><script async src=\"https:\/\/platform.twitter.com\/widgets.js\" charset=\"utf-8\"><\/script><\/p>\n<p>[ad_2]<br \/>\n<br \/><a href=\"https:\/\/twitter.com\/pedroisandretta\/statuses\/1366532073109004291\">Fonte<\/a> : Projeto <a href=\"https:\/\/www.pedroandretta.info\/informeci\">Informe-CI<\/a><\/p>\n","protected":false},"excerpt":{"rendered":"<p>[ad_1] \u201cEntrevistas Al\u00e9m do Tempo\u201d: aborda o combate ao #RacismoEstrutural no meio cient\u00edfico l #Quadrinho \u00e9 baseado em hist\u00f3rias como a das cientistas negras pioneiras na Nasa, cruciais para os EUA durante a corrida espacial. #Ci\u00eancia #MulheresNaCi\u00eancia via UOL https:\/\/t.co\/Zl6tBuFpHY &mdash; Pedro Andretta (@pedroisandretta) March 1, 2021 [ad_2] Fonte : Projeto Informe-CI<\/p>\n","protected":false},"author":1,"featured_media":9438,"comment_status":"open","ping_status":"open","sticky":false,"template":"","format":"standard","meta":{"_jetpack_memberships_contains_paid_content":false,"footnotes":"","jetpack_publicize_message":"","jetpack_publicize_feature_enabled":true,"jetpack_social_post_already_shared":true,"jetpack_social_options":{"image_generator_settings":{"template":"highway","default_image_id":0,"font":"","enabled":false},"version":2}},"categories":[21],"tags":[128,1689,305,1239],"class_list":["post-9437","post","type-post","status-publish","format-standard","has-post-thumbnail","hentry","category-informeci","tag-ciencia","tag-mulheresnaciencia","tag-quadrinhos","tag-racismoestrutural"],"jetpack_publicize_connections":[],"jetpack_featured_media_url":"https:\/\/i0.wp.com\/www.pedroandretta.info\/index\/wp-content\/uploads\/2021\/03\/Entrevistas-Alem-do-Tempo-aborda-o-combate-ao-RacismoEstrutural-no.png?fit=766%2C514&ssl=1","views":"","jetpack_sharing_enabled":true,"_links":{"self":[{"href":"https:\/\/www.pedroandretta.info\/index\/wp-json\/wp\/v2\/posts\/9437","targetHints":{"allow":["GET"]}}],"collection":[{"href":"https:\/\/www.pedroandretta.info\/index\/wp-json\/wp\/v2\/posts"}],"about":[{"href":"https:\/\/www.pedroandretta.info\/index\/wp-json\/wp\/v2\/types\/post"}],"author":[{"embeddable":true,"href":"https:\/\/www.pedroandretta.info\/index\/wp-json\/wp\/v2\/users\/1"}],"replies":[{"embeddable":true,"href":"https:\/\/www.pedroandretta.info\/index\/wp-json\/wp\/v2\/comments?post=9437"}],"version-history":[{"count":0,"href":"https:\/\/www.pedroandretta.info\/index\/wp-json\/wp\/v2\/posts\/9437\/revisions"}],"wp:featuredmedia":[{"embeddable":true,"href":"https:\/\/www.pedroandretta.info\/index\/wp-json\/wp\/v2\/media\/9438"}],"wp:attachment":[{"href":"https:\/\/www.pedroandretta.info\/index\/wp-json\/wp\/v2\/media?parent=9437"}],"wp:term":[{"taxonomy":"category","embeddable":true,"href":"https:\/\/www.pedroandretta.info\/index\/wp-json\/wp\/v2\/categories?post=9437"},{"taxonomy":"post_tag","embeddable":true,"href":"https:\/\/www.pedroandretta.info\/index\/wp-json\/wp\/v2\/tags?post=9437"}],"curies":[{"name":"wp","href":"https:\/\/api.w.org\/{rel}","templated":true}]}}