{"id":9507,"date":"2021-03-06T23:25:00","date_gmt":"2021-03-07T03:25:00","guid":{"rendered":"https:\/\/www.pedroandretta.info\/index\/?p=9507"},"modified":"2021-03-06T23:25:00","modified_gmt":"2021-03-07T03:25:00","slug":"bibliotecas-se-opoem-a-censura-entao-elas-estao-ficando-criativas-quando-se-tr","status":"publish","type":"post","link":"https:\/\/www.pedroandretta.info\/index\/2021\/03\/bibliotecas-se-opoem-a-censura-entao-elas-estao-ficando-criativas-quando-se-tr\/","title":{"rendered":"Bibliotecas se op\u00f5em \u00e0 censura. Ent\u00e3o, elas est\u00e3o ficando criativas quando se tr&#8230;"},"content":{"rendered":"<p>[ad_1]<\/p>\n<blockquote class=\"twitter-tweet\">\n<p lang=\"pt\" dir=\"ltr\">Bibliotecas se op\u00f5em \u00e0 censura. Ent\u00e3o, elas est\u00e3o ficando criativas quando se trata de livros infantis ofensivos l Quais as possibilidades para as bibliotecas com o <a target=\"_blank\" href=\"https:\/\/twitter.com\/hashtag\/LivroInfantil?src=hash&amp;ref_src=twsrc%5Etfw\" rel=\"noopener\">#LivroInfantil<\/a> ofensivo ? Cabe \u00e0 biblioteca ser um espa\u00e7o de <a target=\"_blank\" href=\"https:\/\/twitter.com\/hashtag\/censura?src=hash&amp;ref_src=twsrc%5Etfw\" rel=\"noopener\">#censura<\/a> ? \ud83c\uddfa\ud83c\uddf8 via CNN <a target=\"_blank\" href=\"https:\/\/t.co\/agN3UGfjHU\" rel=\"noopener\">https:\/\/t.co\/agN3UGfjHU<\/a><\/p>\n<p>&mdash; Pedro Andretta (@pedroisandretta) <a target=\"_blank\" href=\"https:\/\/twitter.com\/pedroisandretta\/status\/1368402274402394114?ref_src=twsrc%5Etfw\" rel=\"noopener\">March 7, 2021<\/a><\/p><\/blockquote>\n<p><script async src=\"https:\/\/platform.twitter.com\/widgets.js\" charset=\"utf-8\"><\/script><\/p>\n<p>[ad_2]<br \/>\n<br \/><a href=\"https:\/\/twitter.com\/pedroisandretta\/statuses\/1368402274402394114\">Fonte<\/a> : Projeto <a href=\"https:\/\/www.pedroandretta.info\/informeci\">Informe-CI<\/a><\/p>\n","protected":false},"excerpt":{"rendered":"<p>[ad_1] Bibliotecas se op\u00f5em \u00e0 censura. Ent\u00e3o, elas est\u00e3o ficando criativas quando se trata de livros infantis ofensivos l Quais as possibilidades para as bibliotecas com o #LivroInfantil ofensivo ? Cabe \u00e0 biblioteca ser um espa\u00e7o de #censura ? \ud83c\uddfa\ud83c\uddf8 via CNN https:\/\/t.co\/agN3UGfjHU &mdash; Pedro Andretta (@pedroisandretta) March 7, 2021 [ad_2] Fonte : Projeto Informe-CI<\/p>\n","protected":false},"author":1,"featured_media":0,"comment_status":"open","ping_status":"open","sticky":false,"template":"","format":"standard","meta":{"_jetpack_memberships_contains_paid_content":false,"footnotes":"","jetpack_publicize_message":"","jetpack_publicize_feature_enabled":true,"jetpack_social_post_already_shared":true,"jetpack_social_options":{"image_generator_settings":{"template":"highway","default_image_id":0,"font":"","enabled":false},"version":2}},"categories":[21],"tags":[168,302],"class_list":["post-9507","post","type-post","status-publish","format-standard","hentry","category-informeci","tag-censura","tag-livrosinfantis"],"jetpack_publicize_connections":[],"jetpack_featured_media_url":"","views":"","jetpack_sharing_enabled":true,"_links":{"self":[{"href":"https:\/\/www.pedroandretta.info\/index\/wp-json\/wp\/v2\/posts\/9507","targetHints":{"allow":["GET"]}}],"collection":[{"href":"https:\/\/www.pedroandretta.info\/index\/wp-json\/wp\/v2\/posts"}],"about":[{"href":"https:\/\/www.pedroandretta.info\/index\/wp-json\/wp\/v2\/types\/post"}],"author":[{"embeddable":true,"href":"https:\/\/www.pedroandretta.info\/index\/wp-json\/wp\/v2\/users\/1"}],"replies":[{"embeddable":true,"href":"https:\/\/www.pedroandretta.info\/index\/wp-json\/wp\/v2\/comments?post=9507"}],"version-history":[{"count":0,"href":"https:\/\/www.pedroandretta.info\/index\/wp-json\/wp\/v2\/posts\/9507\/revisions"}],"wp:attachment":[{"href":"https:\/\/www.pedroandretta.info\/index\/wp-json\/wp\/v2\/media?parent=9507"}],"wp:term":[{"taxonomy":"category","embeddable":true,"href":"https:\/\/www.pedroandretta.info\/index\/wp-json\/wp\/v2\/categories?post=9507"},{"taxonomy":"post_tag","embeddable":true,"href":"https:\/\/www.pedroandretta.info\/index\/wp-json\/wp\/v2\/tags?post=9507"}],"curies":[{"name":"wp","href":"https:\/\/api.w.org\/{rel}","templated":true}]}}