{"id":9529,"date":"2021-03-09T01:47:07","date_gmt":"2021-03-09T05:47:07","guid":{"rendered":"https:\/\/www.pedroandretta.info\/index\/?p=9529"},"modified":"2021-03-09T01:47:07","modified_gmt":"2021-03-09T05:47:07","slug":"quao-amigavel-e-o-seu-site-licoes-de-usabilidade-para-bibliotecas-l-um-f","status":"publish","type":"post","link":"https:\/\/www.pedroandretta.info\/index\/2021\/03\/quao-amigavel-e-o-seu-site-licoes-de-usabilidade-para-bibliotecas-l-um-f\/","title":{"rendered":"Qu\u00e3o amig\u00e1vel \u00e9 o seu site ?: li\u00e7\u00f5es de #usabilidade para bibliotecas&#8230; l &#8220;Um f&#8230;"},"content":{"rendered":"<p>[ad_1]<\/p>\n<blockquote class=\"twitter-tweet\">\n<p lang=\"pt\" dir=\"ltr\">Qu\u00e3o amig\u00e1vel \u00e9 o seu site ?: li\u00e7\u00f5es de <a target=\"_blank\" href=\"https:\/\/twitter.com\/hashtag\/usabilidade?src=hash&amp;ref_src=twsrc%5Etfw\" rel=\"noopener\">#usabilidade<\/a> para bibliotecas&#8230; l &quot;Um fator cr\u00edtico no design da experi\u00eancia do usu\u00e1rio para sites \u00e9 a acessibilidade para pcd e outras defici\u00eancias.&quot; <a target=\"_blank\" href=\"https:\/\/twitter.com\/hashtag\/ArquiteturaDaInforma%C3%A7%C3%A3o?src=hash&amp;ref_src=twsrc%5Etfw\" rel=\"noopener\">#ArquiteturaDaInforma\u00e7\u00e3o<\/a> <a target=\"_blank\" href=\"https:\/\/twitter.com\/hashtag\/UX?src=hash&amp;ref_src=twsrc%5Etfw\" rel=\"noopener\">#UX<\/a> \ud83c\uddfa\ud83c\uddf8 via American Libraries Magazine <a target=\"_blank\" href=\"https:\/\/t.co\/oCRjbqnDld\" rel=\"noopener\">https:\/\/t.co\/oCRjbqnDld<\/a><\/p>\n<p>&mdash; Pedro Andretta (@pedroisandretta) <a target=\"_blank\" href=\"https:\/\/twitter.com\/pedroisandretta\/status\/1369162814384975873?ref_src=twsrc%5Etfw\" rel=\"noopener\">March 9, 2021<\/a><\/p><\/blockquote>\n<p><script async src=\"https:\/\/platform.twitter.com\/widgets.js\" charset=\"utf-8\"><\/script><\/p>\n<p>[ad_2]<br \/>\n<br \/><a href=\"https:\/\/twitter.com\/pedroisandretta\/statuses\/1369162814384975873\">Fonte<\/a> : Projeto <a href=\"https:\/\/www.pedroandretta.info\/informeci\">Informe-CI<\/a><\/p>\n","protected":false},"excerpt":{"rendered":"<p>[ad_1] Qu\u00e3o amig\u00e1vel \u00e9 o seu site ?: li\u00e7\u00f5es de #usabilidade para bibliotecas&#8230; l &quot;Um fator cr\u00edtico no design da experi\u00eancia do usu\u00e1rio para sites \u00e9 a acessibilidade para pcd e outras defici\u00eancias.&quot; #ArquiteturaDaInforma\u00e7\u00e3o #UX \ud83c\uddfa\ud83c\uddf8 via American Libraries Magazine https:\/\/t.co\/oCRjbqnDld &mdash; Pedro Andretta (@pedroisandretta) March 9, 2021 [ad_2] Fonte : Projeto Informe-CI<\/p>\n","protected":false},"author":1,"featured_media":0,"comment_status":"open","ping_status":"open","sticky":false,"template":"","format":"standard","meta":{"_jetpack_memberships_contains_paid_content":false,"footnotes":"","jetpack_publicize_message":"","jetpack_publicize_feature_enabled":true,"jetpack_social_post_already_shared":true,"jetpack_social_options":{"image_generator_settings":{"template":"highway","default_image_id":0,"font":"","enabled":false},"version":2}},"categories":[21],"tags":[400,1061,517],"class_list":["post-9529","post","type-post","status-publish","format-standard","hentry","category-informeci","tag-arquiteturadainformacao","tag-usabilidade","tag-ux"],"jetpack_publicize_connections":[],"jetpack_featured_media_url":"","views":"","jetpack_sharing_enabled":true,"_links":{"self":[{"href":"https:\/\/www.pedroandretta.info\/index\/wp-json\/wp\/v2\/posts\/9529","targetHints":{"allow":["GET"]}}],"collection":[{"href":"https:\/\/www.pedroandretta.info\/index\/wp-json\/wp\/v2\/posts"}],"about":[{"href":"https:\/\/www.pedroandretta.info\/index\/wp-json\/wp\/v2\/types\/post"}],"author":[{"embeddable":true,"href":"https:\/\/www.pedroandretta.info\/index\/wp-json\/wp\/v2\/users\/1"}],"replies":[{"embeddable":true,"href":"https:\/\/www.pedroandretta.info\/index\/wp-json\/wp\/v2\/comments?post=9529"}],"version-history":[{"count":0,"href":"https:\/\/www.pedroandretta.info\/index\/wp-json\/wp\/v2\/posts\/9529\/revisions"}],"wp:attachment":[{"href":"https:\/\/www.pedroandretta.info\/index\/wp-json\/wp\/v2\/media?parent=9529"}],"wp:term":[{"taxonomy":"category","embeddable":true,"href":"https:\/\/www.pedroandretta.info\/index\/wp-json\/wp\/v2\/categories?post=9529"},{"taxonomy":"post_tag","embeddable":true,"href":"https:\/\/www.pedroandretta.info\/index\/wp-json\/wp\/v2\/tags?post=9529"}],"curies":[{"name":"wp","href":"https:\/\/api.w.org\/{rel}","templated":true}]}}