{"id":9534,"date":"2021-03-09T05:30:59","date_gmt":"2021-03-09T09:30:59","guid":{"rendered":"https:\/\/www.pedroandretta.info\/index\/?p=9534"},"modified":"2021-03-09T05:30:59","modified_gmt":"2021-03-09T09:30:59","slug":"infodiversidade-na-internet-l-vale-conferir-os-capitulos-o-acesso-aberto-a-info","status":"publish","type":"post","link":"https:\/\/www.pedroandretta.info\/index\/2021\/03\/infodiversidade-na-internet-l-vale-conferir-os-capitulos-o-acesso-aberto-a-info\/","title":{"rendered":"Infodiversidade na Internet l Vale conferir os cap\u00edtulos: O acesso aberto a info&#8230;"},"content":{"rendered":"<p>[ad_1]<\/p>\n<blockquote class=\"twitter-tweet\">\n<p lang=\"pt\" dir=\"ltr\">Infodiversidade na Internet l Vale conferir os cap\u00edtulos: O acesso aberto a informa\u00e7\u00e3o na <a target=\"_blank\" href=\"https:\/\/twitter.com\/hashtag\/infodiversidade?src=hash&amp;ref_src=twsrc%5Etfw\" rel=\"noopener\">#infodiversidade<\/a> , <a target=\"_blank\" href=\"https:\/\/twitter.com\/hashtag\/Internet?src=hash&amp;ref_src=twsrc%5Etfw\" rel=\"noopener\">#Internet<\/a> : Liberdades e amea\u00e7as, <a target=\"_blank\" href=\"https:\/\/twitter.com\/hashtag\/Pol%C3%ADticasDeInforma%C3%A7%C3%A3o?src=hash&amp;ref_src=twsrc%5Etfw\" rel=\"noopener\">#Pol\u00edticasDeInforma\u00e7\u00e3o<\/a> para desenvolver a infodiversidade na internet. <a target=\"_blank\" href=\"https:\/\/t.co\/1WYGCU0hhR\" rel=\"noopener\">https:\/\/t.co\/1WYGCU0hhR<\/a> <a target=\"_blank\" href=\"https:\/\/t.co\/swurxUACtq\" rel=\"noopener\">pic.twitter.com\/swurxUACtq<\/a><\/p>\n<p>&mdash; Pedro Andretta (@pedroisandretta) <a target=\"_blank\" href=\"https:\/\/twitter.com\/pedroisandretta\/status\/1369219151932366853?ref_src=twsrc%5Etfw\" rel=\"noopener\">March 9, 2021<\/a><\/p><\/blockquote>\n<p><script async src=\"https:\/\/platform.twitter.com\/widgets.js\" charset=\"utf-8\"><\/script><\/p>\n<p>[ad_2]<br \/>\n<br \/><a href=\"https:\/\/twitter.com\/pedroisandretta\/statuses\/1369219151932366853\">Fonte<\/a> : Projeto <a href=\"https:\/\/www.pedroandretta.info\/informeci\">Informe-CI<\/a><\/p>\n","protected":false},"excerpt":{"rendered":"<p>[ad_1] Infodiversidade na Internet l Vale conferir os cap\u00edtulos: O acesso aberto a informa\u00e7\u00e3o na #infodiversidade , #Internet : Liberdades e amea\u00e7as, #Pol\u00edticasDeInforma\u00e7\u00e3o para desenvolver a infodiversidade na internet. https:\/\/t.co\/1WYGCU0hhR pic.twitter.com\/swurxUACtq &mdash; Pedro Andretta (@pedroisandretta) March 9, 2021 [ad_2] Fonte : Projeto Informe-CI<\/p>\n","protected":false},"author":1,"featured_media":9535,"comment_status":"open","ping_status":"open","sticky":false,"template":"","format":"standard","meta":{"_jetpack_memberships_contains_paid_content":false,"footnotes":"","jetpack_publicize_message":"","jetpack_publicize_feature_enabled":true,"jetpack_social_post_already_shared":true,"jetpack_social_options":{"image_generator_settings":{"template":"highway","default_image_id":0,"font":"","enabled":false},"version":2}},"categories":[21],"tags":[1843,125,1203],"class_list":["post-9534","post","type-post","status-publish","format-standard","has-post-thumbnail","hentry","category-informeci","tag-infodiversidade","tag-internet","tag-politicasdeinformacao"],"jetpack_publicize_connections":[],"jetpack_featured_media_url":"https:\/\/i0.wp.com\/www.pedroandretta.info\/index\/wp-content\/uploads\/2021\/03\/Infodiversidade-na-Internet-l-Vale-conferir-os-capitulos-O-acesso.jpg?fit=601%2C879&ssl=1","views":"","jetpack_sharing_enabled":true,"_links":{"self":[{"href":"https:\/\/www.pedroandretta.info\/index\/wp-json\/wp\/v2\/posts\/9534","targetHints":{"allow":["GET"]}}],"collection":[{"href":"https:\/\/www.pedroandretta.info\/index\/wp-json\/wp\/v2\/posts"}],"about":[{"href":"https:\/\/www.pedroandretta.info\/index\/wp-json\/wp\/v2\/types\/post"}],"author":[{"embeddable":true,"href":"https:\/\/www.pedroandretta.info\/index\/wp-json\/wp\/v2\/users\/1"}],"replies":[{"embeddable":true,"href":"https:\/\/www.pedroandretta.info\/index\/wp-json\/wp\/v2\/comments?post=9534"}],"version-history":[{"count":0,"href":"https:\/\/www.pedroandretta.info\/index\/wp-json\/wp\/v2\/posts\/9534\/revisions"}],"wp:featuredmedia":[{"embeddable":true,"href":"https:\/\/www.pedroandretta.info\/index\/wp-json\/wp\/v2\/media\/9535"}],"wp:attachment":[{"href":"https:\/\/www.pedroandretta.info\/index\/wp-json\/wp\/v2\/media?parent=9534"}],"wp:term":[{"taxonomy":"category","embeddable":true,"href":"https:\/\/www.pedroandretta.info\/index\/wp-json\/wp\/v2\/categories?post=9534"},{"taxonomy":"post_tag","embeddable":true,"href":"https:\/\/www.pedroandretta.info\/index\/wp-json\/wp\/v2\/tags?post=9534"}],"curies":[{"name":"wp","href":"https:\/\/api.w.org\/{rel}","templated":true}]}}