{"id":9538,"date":"2021-03-09T16:30:36","date_gmt":"2021-03-09T20:30:36","guid":{"rendered":"https:\/\/www.pedroandretta.info\/index\/?p=9538"},"modified":"2021-03-09T16:30:36","modified_gmt":"2021-03-09T20:30:36","slug":"eu-nao-vou-mais-pedir-desculpas-por-ser-bibliotecaria-l-ser-bibliotecaria-e-ser","status":"publish","type":"post","link":"https:\/\/www.pedroandretta.info\/index\/2021\/03\/eu-nao-vou-mais-pedir-desculpas-por-ser-bibliotecaria-l-ser-bibliotecaria-e-ser\/","title":{"rendered":"Eu n\u00e3o vou mais pedir desculpas por ser bibliotec\u00e1ria l \u201cSer bibliotec\u00e1ria \u00e9 ser&#8230;"},"content":{"rendered":"<p>[ad_1]<\/p>\n<blockquote class=\"twitter-tweet\">\n<p lang=\"pt\" dir=\"ltr\">Eu n\u00e3o vou mais pedir desculpas por ser bibliotec\u00e1ria l \u201cSer bibliotec\u00e1ria \u00e9 ser pesquisadora, professora, empres\u00e1ria, empreendedora, livreira, artista, blogueira, paisagista, editora, ilustradora, contadora [&#8230;] <a target=\"_blank\" href=\"https:\/\/twitter.com\/hashtag\/Bibliotec%C3%A1rias?src=hash&amp;ref_src=twsrc%5Etfw\" rel=\"noopener\">#Bibliotec\u00e1rias<\/a> podem tudo!\u201c via Biblioo <a target=\"_blank\" href=\"https:\/\/t.co\/42TEFyyUUN\" rel=\"noopener\">https:\/\/t.co\/42TEFyyUUN<\/a><\/p>\n<p>&mdash; Pedro Andretta (@pedroisandretta) <a target=\"_blank\" href=\"https:\/\/twitter.com\/pedroisandretta\/status\/1369385150501556225?ref_src=twsrc%5Etfw\" rel=\"noopener\">March 9, 2021<\/a><\/p><\/blockquote>\n<p><script async src=\"https:\/\/platform.twitter.com\/widgets.js\" charset=\"utf-8\"><\/script><\/p>\n<p>[ad_2]<br \/>\n<br \/><a href=\"https:\/\/twitter.com\/pedroisandretta\/statuses\/1369385150501556225\">Fonte<\/a> : Projeto <a href=\"https:\/\/www.pedroandretta.info\/informeci\">Informe-CI<\/a><\/p>\n","protected":false},"excerpt":{"rendered":"<p>[ad_1] Eu n\u00e3o vou mais pedir desculpas por ser bibliotec\u00e1ria l \u201cSer bibliotec\u00e1ria \u00e9 ser pesquisadora, professora, empres\u00e1ria, empreendedora, livreira, artista, blogueira, paisagista, editora, ilustradora, contadora [&#8230;] #Bibliotec\u00e1rias podem tudo!\u201c via Biblioo https:\/\/t.co\/42TEFyyUUN &mdash; Pedro Andretta (@pedroisandretta) March 9, 2021 [ad_2] Fonte : Projeto Informe-CI<\/p>\n","protected":false},"author":1,"featured_media":0,"comment_status":"open","ping_status":"open","sticky":false,"template":"","format":"standard","meta":{"_jetpack_memberships_contains_paid_content":false,"footnotes":"","jetpack_publicize_message":"","jetpack_publicize_feature_enabled":true,"jetpack_social_post_already_shared":true,"jetpack_social_options":{"image_generator_settings":{"template":"highway","default_image_id":0,"font":"","enabled":false},"version":2}},"categories":[21],"tags":[541],"class_list":["post-9538","post","type-post","status-publish","format-standard","hentry","category-informeci","tag-bibliotecarias"],"jetpack_publicize_connections":[],"jetpack_featured_media_url":"","views":"","jetpack_sharing_enabled":true,"_links":{"self":[{"href":"https:\/\/www.pedroandretta.info\/index\/wp-json\/wp\/v2\/posts\/9538","targetHints":{"allow":["GET"]}}],"collection":[{"href":"https:\/\/www.pedroandretta.info\/index\/wp-json\/wp\/v2\/posts"}],"about":[{"href":"https:\/\/www.pedroandretta.info\/index\/wp-json\/wp\/v2\/types\/post"}],"author":[{"embeddable":true,"href":"https:\/\/www.pedroandretta.info\/index\/wp-json\/wp\/v2\/users\/1"}],"replies":[{"embeddable":true,"href":"https:\/\/www.pedroandretta.info\/index\/wp-json\/wp\/v2\/comments?post=9538"}],"version-history":[{"count":0,"href":"https:\/\/www.pedroandretta.info\/index\/wp-json\/wp\/v2\/posts\/9538\/revisions"}],"wp:attachment":[{"href":"https:\/\/www.pedroandretta.info\/index\/wp-json\/wp\/v2\/media?parent=9538"}],"wp:term":[{"taxonomy":"category","embeddable":true,"href":"https:\/\/www.pedroandretta.info\/index\/wp-json\/wp\/v2\/categories?post=9538"},{"taxonomy":"post_tag","embeddable":true,"href":"https:\/\/www.pedroandretta.info\/index\/wp-json\/wp\/v2\/tags?post=9538"}],"curies":[{"name":"wp","href":"https:\/\/api.w.org\/{rel}","templated":true}]}}