{"id":9539,"date":"2021-03-09T15:39:58","date_gmt":"2021-03-09T19:39:58","guid":{"rendered":"https:\/\/www.pedroandretta.info\/index\/?p=9539"},"modified":"2021-03-09T15:39:58","modified_gmt":"2021-03-09T19:39:58","slug":"eca-de-queiroz-acusado-de-racismo-tinha-preconceito-pelos-portugueses-l","status":"publish","type":"post","link":"https:\/\/www.pedroandretta.info\/index\/2021\/03\/eca-de-queiroz-acusado-de-racismo-tinha-preconceito-pelos-portugueses-l\/","title":{"rendered":"E\u00e7a de Queiroz, acusado de #racismo, tinha #preconceito pelos portugueses l\u201c[&#8230;&#8230;"},"content":{"rendered":"<p>[ad_1]<br \/>\n<img data-recalc-dims=\"1\" decoding=\"async\" src=\"https:\/\/i0.wp.com\/www.pedroandretta.info\/index\/wp-content\/uploads\/2021\/03\/Eca-de-Queiroz-acusado-de-racismo-tinha-preconceito-pelos-portugueses.jpg?w=696&#038;ssl=1\"\/><\/p>\n<blockquote class=\"twitter-tweet\">\n<p lang=\"pt\" dir=\"ltr\">E\u00e7a de Queiroz, acusado de <a target=\"_blank\" href=\"https:\/\/twitter.com\/hashtag\/racismo?src=hash&amp;ref_src=twsrc%5Etfw\" rel=\"noopener\">#racismo<\/a>, tinha <a target=\"_blank\" href=\"https:\/\/twitter.com\/hashtag\/preconceito?src=hash&amp;ref_src=twsrc%5Etfw\" rel=\"noopener\">#preconceito<\/a> pelos portugueses l\u201c[&#8230;]definir Os Maias pelo literalismo de certas palavras [&#8230;] \u00e9 passar ao lado do essencial: o principal preconceito de E\u00e7a era contra a sua pr\u00f3pria ra\u00e7a.\u201d <a target=\"_blank\" href=\"https:\/\/twitter.com\/hashtag\/Literatura?src=hash&amp;ref_src=twsrc%5Etfw\" rel=\"noopener\">#Literatura<\/a> via  Folha <a target=\"_blank\" href=\"https:\/\/t.co\/Lf3hRqNQYU\" rel=\"noopener\">https:\/\/t.co\/Lf3hRqNQYU<\/a><\/p>\n<p>&mdash; Pedro Andretta (@pedroisandretta) <a target=\"_blank\" href=\"https:\/\/twitter.com\/pedroisandretta\/status\/1369372408738627591?ref_src=twsrc%5Etfw\" rel=\"noopener\">March 9, 2021<\/a><\/p><\/blockquote>\n<p><script async src=\"https:\/\/platform.twitter.com\/widgets.js\" charset=\"utf-8\"><\/script><\/p>\n<p>[ad_2]<br \/>\n<br \/><a href=\"https:\/\/twitter.com\/pedroisandretta\/statuses\/1369372408738627591\">Fonte<\/a> : Projeto <a href=\"https:\/\/www.pedroandretta.info\/informeci\">Informe-CI<\/a><\/p>\n","protected":false},"excerpt":{"rendered":"<p>[ad_1] E\u00e7a de Queiroz, acusado de #racismo, tinha #preconceito pelos portugueses l\u201c[&#8230;]definir Os Maias pelo literalismo de certas palavras [&#8230;] \u00e9 passar ao lado do essencial: o principal preconceito de E\u00e7a era contra a sua pr\u00f3pria ra\u00e7a.\u201d #Literatura via Folha https:\/\/t.co\/Lf3hRqNQYU &mdash; Pedro Andretta (@pedroisandretta) March 9, 2021 [ad_2] Fonte : Projeto Informe-CI<\/p>\n","protected":false},"author":1,"featured_media":9540,"comment_status":"open","ping_status":"open","sticky":false,"template":"","format":"standard","meta":{"_jetpack_memberships_contains_paid_content":false,"footnotes":"","jetpack_publicize_message":"","jetpack_publicize_feature_enabled":true,"jetpack_social_post_already_shared":true,"jetpack_social_options":{"image_generator_settings":{"template":"highway","default_image_id":0,"font":"","enabled":false},"version":2}},"categories":[21],"tags":[150,962,247],"class_list":["post-9539","post","type-post","status-publish","format-standard","has-post-thumbnail","hentry","category-informeci","tag-literatura","tag-preconceito","tag-racismo"],"jetpack_publicize_connections":[],"jetpack_featured_media_url":"https:\/\/i0.wp.com\/www.pedroandretta.info\/index\/wp-content\/uploads\/2021\/03\/Eca-de-Queiroz-acusado-de-racismo-tinha-preconceito-pelos-portugueses.jpg?fit=1200%2C800&ssl=1","views":"","jetpack_sharing_enabled":true,"_links":{"self":[{"href":"https:\/\/www.pedroandretta.info\/index\/wp-json\/wp\/v2\/posts\/9539","targetHints":{"allow":["GET"]}}],"collection":[{"href":"https:\/\/www.pedroandretta.info\/index\/wp-json\/wp\/v2\/posts"}],"about":[{"href":"https:\/\/www.pedroandretta.info\/index\/wp-json\/wp\/v2\/types\/post"}],"author":[{"embeddable":true,"href":"https:\/\/www.pedroandretta.info\/index\/wp-json\/wp\/v2\/users\/1"}],"replies":[{"embeddable":true,"href":"https:\/\/www.pedroandretta.info\/index\/wp-json\/wp\/v2\/comments?post=9539"}],"version-history":[{"count":0,"href":"https:\/\/www.pedroandretta.info\/index\/wp-json\/wp\/v2\/posts\/9539\/revisions"}],"wp:featuredmedia":[{"embeddable":true,"href":"https:\/\/www.pedroandretta.info\/index\/wp-json\/wp\/v2\/media\/9540"}],"wp:attachment":[{"href":"https:\/\/www.pedroandretta.info\/index\/wp-json\/wp\/v2\/media?parent=9539"}],"wp:term":[{"taxonomy":"category","embeddable":true,"href":"https:\/\/www.pedroandretta.info\/index\/wp-json\/wp\/v2\/categories?post=9539"},{"taxonomy":"post_tag","embeddable":true,"href":"https:\/\/www.pedroandretta.info\/index\/wp-json\/wp\/v2\/tags?post=9539"}],"curies":[{"name":"wp","href":"https:\/\/api.w.org\/{rel}","templated":true}]}}