{"id":9626,"date":"2021-03-15T15:31:49","date_gmt":"2021-03-15T19:31:49","guid":{"rendered":"https:\/\/www.pedroandretta.info\/index\/?p=9626"},"modified":"2021-03-15T15:31:49","modified_gmt":"2021-03-15T19:31:49","slug":"3-tecnicas-usadas-em-discursos-de-odio-para-incitar-violencia-l-profa-h-colleen","status":"publish","type":"post","link":"https:\/\/www.pedroandretta.info\/index\/2021\/03\/3-tecnicas-usadas-em-discursos-de-odio-para-incitar-violencia-l-profa-h-colleen\/","title":{"rendered":"3 t\u00e9cnicas usadas em discursos de \u00f3dio para incitar viol\u00eancia l Profa H. Colleen&#8230;"},"content":{"rendered":"<p>[ad_1]<\/p>\n<blockquote class=\"twitter-tweet\">\n<p lang=\"pt\" dir=\"ltr\">3 t\u00e9cnicas usadas em discursos de \u00f3dio para incitar viol\u00eancia l Profa H. Colleen Sinclair da Universidade do Estado do Mississippi, pontua: 1. Esquentando as emo\u00e7\u00f5es; 2. Construindo a amea\u00e7a; 3. Desequilibrando a b\u00fassola moral.  <a target=\"_blank\" href=\"https:\/\/twitter.com\/hashtag\/DiscursoDe%C3%93dio?src=hash&amp;ref_src=twsrc%5Etfw\" rel=\"noopener\">#DiscursoDe\u00d3dio<\/a> via Galileu <a target=\"_blank\" href=\"https:\/\/t.co\/exaJQrrntw\" rel=\"noopener\">https:\/\/t.co\/exaJQrrntw<\/a><\/p>\n<p>&mdash; Pedro Andretta (@pedroisandretta) <a target=\"_blank\" href=\"https:\/\/twitter.com\/pedroisandretta\/status\/1371544684716294145?ref_src=twsrc%5Etfw\" rel=\"noopener\">March 15, 2021<\/a><\/p><\/blockquote>\n<p><script async src=\"https:\/\/platform.twitter.com\/widgets.js\" charset=\"utf-8\"><\/script><\/p>\n<p>[ad_2]<br \/>\n<br \/><a href=\"https:\/\/twitter.com\/pedroisandretta\/statuses\/1371544684716294145\">Fonte<\/a> : Projeto <a href=\"https:\/\/www.pedroandretta.info\/informeci\">Informe-CI<\/a><\/p>\n","protected":false},"excerpt":{"rendered":"<p>[ad_1] 3 t\u00e9cnicas usadas em discursos de \u00f3dio para incitar viol\u00eancia l Profa H. Colleen Sinclair da Universidade do Estado do Mississippi, pontua: 1. Esquentando as emo\u00e7\u00f5es; 2. Construindo a amea\u00e7a; 3. Desequilibrando a b\u00fassola moral. #DiscursoDe\u00d3dio via Galileu https:\/\/t.co\/exaJQrrntw &mdash; Pedro Andretta (@pedroisandretta) March 15, 2021 [ad_2] Fonte : Projeto Informe-CI<\/p>\n","protected":false},"author":1,"featured_media":0,"comment_status":"open","ping_status":"open","sticky":false,"template":"","format":"standard","meta":{"_jetpack_memberships_contains_paid_content":false,"footnotes":"","jetpack_publicize_message":"","jetpack_publicize_feature_enabled":true,"jetpack_social_post_already_shared":true,"jetpack_social_options":{"image_generator_settings":{"template":"highway","default_image_id":0,"font":"","enabled":false},"version":2}},"categories":[21],"tags":[1464],"class_list":["post-9626","post","type-post","status-publish","format-standard","hentry","category-informeci","tag-discursodeodio"],"jetpack_publicize_connections":[],"jetpack_featured_media_url":"","views":"","jetpack_sharing_enabled":true,"_links":{"self":[{"href":"https:\/\/www.pedroandretta.info\/index\/wp-json\/wp\/v2\/posts\/9626","targetHints":{"allow":["GET"]}}],"collection":[{"href":"https:\/\/www.pedroandretta.info\/index\/wp-json\/wp\/v2\/posts"}],"about":[{"href":"https:\/\/www.pedroandretta.info\/index\/wp-json\/wp\/v2\/types\/post"}],"author":[{"embeddable":true,"href":"https:\/\/www.pedroandretta.info\/index\/wp-json\/wp\/v2\/users\/1"}],"replies":[{"embeddable":true,"href":"https:\/\/www.pedroandretta.info\/index\/wp-json\/wp\/v2\/comments?post=9626"}],"version-history":[{"count":0,"href":"https:\/\/www.pedroandretta.info\/index\/wp-json\/wp\/v2\/posts\/9626\/revisions"}],"wp:attachment":[{"href":"https:\/\/www.pedroandretta.info\/index\/wp-json\/wp\/v2\/media?parent=9626"}],"wp:term":[{"taxonomy":"category","embeddable":true,"href":"https:\/\/www.pedroandretta.info\/index\/wp-json\/wp\/v2\/categories?post=9626"},{"taxonomy":"post_tag","embeddable":true,"href":"https:\/\/www.pedroandretta.info\/index\/wp-json\/wp\/v2\/tags?post=9626"}],"curies":[{"name":"wp","href":"https:\/\/api.w.org\/{rel}","templated":true}]}}