{"id":9647,"date":"2021-03-17T04:40:15","date_gmt":"2021-03-17T08:40:15","guid":{"rendered":"https:\/\/www.pedroandretta.info\/index\/?p=9647"},"modified":"2021-03-17T04:40:15","modified_gmt":"2021-03-17T08:40:15","slug":"nem-competitivas-nem-privatizaveis-as-bibliotecas-sao-um-bem-comum-a-servico-de","status":"publish","type":"post","link":"https:\/\/www.pedroandretta.info\/index\/2021\/03\/nem-competitivas-nem-privatizaveis-as-bibliotecas-sao-um-bem-comum-a-servico-de\/","title":{"rendered":"Nem competitivas nem privatiz\u00e1veis, as bibliotecas s\u00e3o um bem comum \u00e0 servi\u00e7o de&#8230;"},"content":{"rendered":"<p>[ad_1]<\/p>\n<blockquote class=\"twitter-tweet\">\n<p lang=\"pt\" dir=\"ltr\">Nem competitivas nem privatiz\u00e1veis, as bibliotecas s\u00e3o um bem comum \u00e0 servi\u00e7o de todos l \u201dAs <a target=\"_blank\" href=\"https:\/\/twitter.com\/hashtag\/bibliotecas?src=hash&amp;ref_src=twsrc%5Etfw\" rel=\"noopener\">#bibliotecas<\/a> s\u00e3o servi\u00e7os p\u00fablicos que funcionam no quadro de uma pol\u00edtica documental para conhecimento da popula\u00e7\u00e3o, como qualquer <a target=\"_blank\" href=\"https:\/\/twitter.com\/hashtag\/Pol%C3%ADticaP%C3%BAblica?src=hash&amp;ref_src=twsrc%5Etfw\" rel=\"noopener\">#Pol\u00edticaP\u00fablica<\/a> .\u201d \ud83c\uddeb\ud83c\uddf7 via ABF <a target=\"_blank\" href=\"https:\/\/t.co\/KqIpWaBwDy\" rel=\"noopener\">https:\/\/t.co\/KqIpWaBwDy<\/a><\/p>\n<p>&mdash; Pedro Andretta (@pedroisandretta) <a target=\"_blank\" href=\"https:\/\/twitter.com\/pedroisandretta\/status\/1372105489908125699?ref_src=twsrc%5Etfw\" rel=\"noopener\">March 17, 2021<\/a><\/p><\/blockquote>\n<p><script async src=\"https:\/\/platform.twitter.com\/widgets.js\" charset=\"utf-8\"><\/script><\/p>\n<p>[ad_2]<br \/>\n<br \/><a href=\"https:\/\/twitter.com\/pedroisandretta\/statuses\/1372105489908125699\">Fonte<\/a> : Projeto <a href=\"https:\/\/www.pedroandretta.info\/informeci\">Informe-CI<\/a><\/p>\n","protected":false},"excerpt":{"rendered":"<p>[ad_1] Nem competitivas nem privatiz\u00e1veis, as bibliotecas s\u00e3o um bem comum \u00e0 servi\u00e7o de todos l \u201dAs #bibliotecas s\u00e3o servi\u00e7os p\u00fablicos que funcionam no quadro de uma pol\u00edtica documental para conhecimento da popula\u00e7\u00e3o, como qualquer #Pol\u00edticaP\u00fablica .\u201d \ud83c\uddeb\ud83c\uddf7 via ABF https:\/\/t.co\/KqIpWaBwDy &mdash; Pedro Andretta (@pedroisandretta) March 17, 2021 [ad_2] Fonte : Projeto Informe-CI<\/p>\n","protected":false},"author":1,"featured_media":0,"comment_status":"open","ping_status":"open","sticky":false,"template":"","format":"standard","meta":{"_jetpack_memberships_contains_paid_content":false,"footnotes":"","jetpack_publicize_message":"","jetpack_publicize_feature_enabled":true,"jetpack_social_post_already_shared":true,"jetpack_social_options":{"image_generator_settings":{"template":"highway","default_image_id":0,"font":"","enabled":false},"version":2}},"categories":[21],"tags":[38,2034],"class_list":["post-9647","post","type-post","status-publish","format-standard","hentry","category-informeci","tag-bibliotecas","tag-politicapublica"],"jetpack_publicize_connections":[],"jetpack_featured_media_url":"","views":"","jetpack_sharing_enabled":true,"_links":{"self":[{"href":"https:\/\/www.pedroandretta.info\/index\/wp-json\/wp\/v2\/posts\/9647","targetHints":{"allow":["GET"]}}],"collection":[{"href":"https:\/\/www.pedroandretta.info\/index\/wp-json\/wp\/v2\/posts"}],"about":[{"href":"https:\/\/www.pedroandretta.info\/index\/wp-json\/wp\/v2\/types\/post"}],"author":[{"embeddable":true,"href":"https:\/\/www.pedroandretta.info\/index\/wp-json\/wp\/v2\/users\/1"}],"replies":[{"embeddable":true,"href":"https:\/\/www.pedroandretta.info\/index\/wp-json\/wp\/v2\/comments?post=9647"}],"version-history":[{"count":0,"href":"https:\/\/www.pedroandretta.info\/index\/wp-json\/wp\/v2\/posts\/9647\/revisions"}],"wp:attachment":[{"href":"https:\/\/www.pedroandretta.info\/index\/wp-json\/wp\/v2\/media?parent=9647"}],"wp:term":[{"taxonomy":"category","embeddable":true,"href":"https:\/\/www.pedroandretta.info\/index\/wp-json\/wp\/v2\/categories?post=9647"},{"taxonomy":"post_tag","embeddable":true,"href":"https:\/\/www.pedroandretta.info\/index\/wp-json\/wp\/v2\/tags?post=9647"}],"curies":[{"name":"wp","href":"https:\/\/api.w.org\/{rel}","templated":true}]}}