{"id":9664,"date":"2021-03-18T15:19:01","date_gmt":"2021-03-18T19:19:01","guid":{"rendered":"https:\/\/www.pedroandretta.info\/index\/?p=9664"},"modified":"2021-03-18T15:19:01","modified_gmt":"2021-03-18T19:19:01","slug":"as-fanfictions-l-as-fanfiction-questionam-propriedade-intelectual-e-direi","status":"publish","type":"post","link":"https:\/\/www.pedroandretta.info\/index\/2021\/03\/as-fanfictions-l-as-fanfiction-questionam-propriedade-intelectual-e-direi\/","title":{"rendered":"As fanfictions &#8230; l \u201cAs #fanfiction questionam propriedade intelectual e #Direi&#8230;"},"content":{"rendered":"<p>[ad_1]<\/p>\n<blockquote class=\"twitter-tweet\">\n<p lang=\"pt\" dir=\"ltr\">As fanfictions &#8230; l \u201cAs <a target=\"_blank\" href=\"https:\/\/twitter.com\/hashtag\/fanfiction?src=hash&amp;ref_src=twsrc%5Etfw\" rel=\"noopener\">#fanfiction<\/a> questionam propriedade intelectual e <a target=\"_blank\" href=\"https:\/\/twitter.com\/hashtag\/DireitosAutorais?src=hash&amp;ref_src=twsrc%5Etfw\" rel=\"noopener\">#DireitosAutorais<\/a> . Do ponto de vista jur\u00eddico, fanfiction n\u00e3o \u00e9 legal, mas a escala do fen\u00f4meno e a explos\u00e3o digital, exigiu desenvolver e repensar exce\u00e7\u00f5es.\u201d \ud83c\uddeb\ud83c\uddf7 via Monde du Livre <a target=\"_blank\" href=\"https:\/\/t.co\/wGbndM5N11\" rel=\"noopener\">https:\/\/t.co\/wGbndM5N11<\/a><\/p>\n<p>&mdash; Pedro Andretta (@pedroisandretta) <a target=\"_blank\" href=\"https:\/\/twitter.com\/pedroisandretta\/status\/1372628626303238150?ref_src=twsrc%5Etfw\" rel=\"noopener\">March 18, 2021<\/a><\/p><\/blockquote>\n<p><script async src=\"https:\/\/platform.twitter.com\/widgets.js\" charset=\"utf-8\"><\/script><\/p>\n<p>[ad_2]<br \/>\n<br \/><a href=\"https:\/\/twitter.com\/pedroisandretta\/statuses\/1372628626303238150\">Fonte<\/a> : Projeto <a href=\"https:\/\/www.pedroandretta.info\/informeci\">Informe-CI<\/a><\/p>\n","protected":false},"excerpt":{"rendered":"<p>[ad_1] As fanfictions &#8230; l \u201cAs #fanfiction questionam propriedade intelectual e #DireitosAutorais . Do ponto de vista jur\u00eddico, fanfiction n\u00e3o \u00e9 legal, mas a escala do fen\u00f4meno e a explos\u00e3o digital, exigiu desenvolver e repensar exce\u00e7\u00f5es.\u201d \ud83c\uddeb\ud83c\uddf7 via Monde du Livre https:\/\/t.co\/wGbndM5N11 &mdash; Pedro Andretta (@pedroisandretta) March 18, 2021 [ad_2] Fonte : Projeto Informe-CI<\/p>\n","protected":false},"author":1,"featured_media":0,"comment_status":"open","ping_status":"open","sticky":false,"template":"","format":"standard","meta":{"_jetpack_memberships_contains_paid_content":false,"footnotes":"","jetpack_publicize_message":"","jetpack_publicize_feature_enabled":true,"jetpack_social_post_already_shared":true,"jetpack_social_options":{"image_generator_settings":{"template":"highway","default_image_id":0,"font":"","enabled":false},"version":2}},"categories":[21],"tags":[301,1403],"class_list":["post-9664","post","type-post","status-publish","format-standard","hentry","category-informeci","tag-direitosautorais","tag-fanfics"],"jetpack_publicize_connections":[],"jetpack_featured_media_url":"","views":"","jetpack_sharing_enabled":true,"_links":{"self":[{"href":"https:\/\/www.pedroandretta.info\/index\/wp-json\/wp\/v2\/posts\/9664","targetHints":{"allow":["GET"]}}],"collection":[{"href":"https:\/\/www.pedroandretta.info\/index\/wp-json\/wp\/v2\/posts"}],"about":[{"href":"https:\/\/www.pedroandretta.info\/index\/wp-json\/wp\/v2\/types\/post"}],"author":[{"embeddable":true,"href":"https:\/\/www.pedroandretta.info\/index\/wp-json\/wp\/v2\/users\/1"}],"replies":[{"embeddable":true,"href":"https:\/\/www.pedroandretta.info\/index\/wp-json\/wp\/v2\/comments?post=9664"}],"version-history":[{"count":0,"href":"https:\/\/www.pedroandretta.info\/index\/wp-json\/wp\/v2\/posts\/9664\/revisions"}],"wp:attachment":[{"href":"https:\/\/www.pedroandretta.info\/index\/wp-json\/wp\/v2\/media?parent=9664"}],"wp:term":[{"taxonomy":"category","embeddable":true,"href":"https:\/\/www.pedroandretta.info\/index\/wp-json\/wp\/v2\/categories?post=9664"},{"taxonomy":"post_tag","embeddable":true,"href":"https:\/\/www.pedroandretta.info\/index\/wp-json\/wp\/v2\/tags?post=9664"}],"curies":[{"name":"wp","href":"https:\/\/api.w.org\/{rel}","templated":true}]}}