{"id":9665,"date":"2021-03-18T16:18:25","date_gmt":"2021-03-18T20:18:25","guid":{"rendered":"https:\/\/www.pedroandretta.info\/index\/?p=9665"},"modified":"2021-03-18T16:18:25","modified_gmt":"2021-03-18T20:18:25","slug":"ancine-reprova-contas-de-filmes-de-xuxa-e-didi-de-15-anos-atras-l-enqua","status":"publish","type":"post","link":"https:\/\/www.pedroandretta.info\/index\/2021\/03\/ancine-reprova-contas-de-filmes-de-xuxa-e-didi-de-15-anos-atras-l-enqua\/","title":{"rendered":"Ancine reprova contas de filmes de Xuxa e Didi de 15 anos atr\u00e1s&#8230; l\u201d[&#8230;] enqua&#8230;"},"content":{"rendered":"<p>[ad_1]<br \/>\n<img data-recalc-dims=\"1\" decoding=\"async\" src=\"https:\/\/i0.wp.com\/www.pedroandretta.info\/index\/wp-content\/uploads\/2021\/03\/Ancine-reprova-contas-de-filmes-de-Xuxa-e-Didi-de.jpg?w=696&#038;ssl=1\"\/><\/p>\n<blockquote class=\"twitter-tweet\">\n<p lang=\"pt\" dir=\"ltr\">Ancine reprova contas de filmes de Xuxa e Didi de 15 anos atr\u00e1s&#8230; l\u201d[&#8230;] enquanto analisa presta\u00e7\u00f5es de quase 20 anos atr\u00e1s, a <a target=\"_blank\" href=\"https:\/\/twitter.com\/hashtag\/Ancine?src=hash&amp;ref_src=twsrc%5Etfw\" rel=\"noopener\">#Ancine<\/a> teve uma diminui\u00e7\u00e3o consider\u00e1vel nos editais de fomento ao audiovisual, desde o in\u00edcio do governo Bolsonaro\u201d via Folha <a target=\"_blank\" href=\"https:\/\/t.co\/YJ2BXZcJ0m\" rel=\"noopener\">https:\/\/t.co\/YJ2BXZcJ0m<\/a><\/p>\n<p>&mdash; Pedro Andretta (@pedroisandretta) <a target=\"_blank\" href=\"https:\/\/twitter.com\/pedroisandretta\/status\/1372643577310949376?ref_src=twsrc%5Etfw\" rel=\"noopener\">March 18, 2021<\/a><\/p><\/blockquote>\n<p><script async src=\"https:\/\/platform.twitter.com\/widgets.js\" charset=\"utf-8\"><\/script><\/p>\n<p>[ad_2]<br \/>\n<br \/><a href=\"https:\/\/twitter.com\/pedroisandretta\/statuses\/1372643577310949376\">Fonte<\/a> : Projeto <a href=\"https:\/\/www.pedroandretta.info\/informeci\">Informe-CI<\/a><\/p>\n","protected":false},"excerpt":{"rendered":"<p>[ad_1] Ancine reprova contas de filmes de Xuxa e Didi de 15 anos atr\u00e1s&#8230; l\u201d[&#8230;] enquanto analisa presta\u00e7\u00f5es de quase 20 anos atr\u00e1s, a #Ancine teve uma diminui\u00e7\u00e3o consider\u00e1vel nos editais de fomento ao audiovisual, desde o in\u00edcio do governo Bolsonaro\u201d via Folha https:\/\/t.co\/YJ2BXZcJ0m &mdash; Pedro Andretta (@pedroisandretta) March 18, 2021 [ad_2] Fonte : Projeto<\/p><\/div>\n<div class=\"blog-btn\"><a href=\"https:\/\/www.pedroandretta.info\/index\/2021\/03\/ancine-reprova-contas-de-filmes-de-xuxa-e-didi-de-15-anos-atras-l-enqua\/\" class=\"home-blog-btn\">Ler mais<\/a><\/p>\n","protected":false},"author":1,"featured_media":9666,"comment_status":"open","ping_status":"open","sticky":false,"template":"","format":"standard","meta":{"_jetpack_memberships_contains_paid_content":false,"footnotes":"","jetpack_publicize_message":"","jetpack_publicize_feature_enabled":true,"jetpack_social_post_already_shared":true,"jetpack_social_options":{"image_generator_settings":{"template":"highway","default_image_id":0,"font":"","enabled":false},"version":2}},"categories":[21],"tags":[1754],"class_list":["post-9665","post","type-post","status-publish","format-standard","has-post-thumbnail","hentry","category-informeci","tag-ancine"],"jetpack_publicize_connections":[],"jetpack_featured_media_url":"https:\/\/i0.wp.com\/www.pedroandretta.info\/index\/wp-content\/uploads\/2021\/03\/Ancine-reprova-contas-de-filmes-de-Xuxa-e-Didi-de.jpg?fit=1200%2C800&ssl=1","views":"","jetpack_sharing_enabled":true,"_links":{"self":[{"href":"https:\/\/www.pedroandretta.info\/index\/wp-json\/wp\/v2\/posts\/9665","targetHints":{"allow":["GET"]}}],"collection":[{"href":"https:\/\/www.pedroandretta.info\/index\/wp-json\/wp\/v2\/posts"}],"about":[{"href":"https:\/\/www.pedroandretta.info\/index\/wp-json\/wp\/v2\/types\/post"}],"author":[{"embeddable":true,"href":"https:\/\/www.pedroandretta.info\/index\/wp-json\/wp\/v2\/users\/1"}],"replies":[{"embeddable":true,"href":"https:\/\/www.pedroandretta.info\/index\/wp-json\/wp\/v2\/comments?post=9665"}],"version-history":[{"count":0,"href":"https:\/\/www.pedroandretta.info\/index\/wp-json\/wp\/v2\/posts\/9665\/revisions"}],"wp:featuredmedia":[{"embeddable":true,"href":"https:\/\/www.pedroandretta.info\/index\/wp-json\/wp\/v2\/media\/9666"}],"wp:attachment":[{"href":"https:\/\/www.pedroandretta.info\/index\/wp-json\/wp\/v2\/media?parent=9665"}],"wp:term":[{"taxonomy":"category","embeddable":true,"href":"https:\/\/www.pedroandretta.info\/index\/wp-json\/wp\/v2\/categories?post=9665"},{"taxonomy":"post_tag","embeddable":true,"href":"https:\/\/www.pedroandretta.info\/index\/wp-json\/wp\/v2\/tags?post=9665"}],"curies":[{"name":"wp","href":"https:\/\/api.w.org\/{rel}","templated":true}]}}