{"id":9686,"date":"2021-03-20T09:11:39","date_gmt":"2021-03-20T13:11:39","guid":{"rendered":"https:\/\/www.pedroandretta.info\/index\/?p=9686"},"modified":"2021-03-20T09:11:39","modified_gmt":"2021-03-20T13:11:39","slug":"custo-total-de-administracao-construcao-responsavel-de-colecao-em-arquivos-e","status":"publish","type":"post","link":"https:\/\/www.pedroandretta.info\/index\/2021\/03\/custo-total-de-administracao-construcao-responsavel-de-colecao-em-arquivos-e\/","title":{"rendered":"Custo total de administra\u00e7\u00e3o: constru\u00e7\u00e3o respons\u00e1vel de cole\u00e7\u00e3o em #Arquivos e #&#8230;"},"content":{"rendered":"<p>[ad_1]<\/p>\n<blockquote class=\"twitter-tweet\">\n<p lang=\"pt\" dir=\"ltr\">Custo total de administra\u00e7\u00e3o: constru\u00e7\u00e3o respons\u00e1vel de cole\u00e7\u00e3o em <a target=\"_blank\" href=\"https:\/\/twitter.com\/hashtag\/Arquivos?src=hash&amp;ref_src=twsrc%5Etfw\" rel=\"noopener\">#Arquivos<\/a> e <a target=\"_blank\" href=\"https:\/\/twitter.com\/hashtag\/Cole%C3%A7%C3%B5esEspeciais?src=hash&amp;ref_src=twsrc%5Etfw\" rel=\"noopener\">#Cole\u00e7\u00f5esEspeciais<\/a> l \u201cUma pol\u00edtica de desenvolvimento de cole\u00e7\u00e3o \u00e9 fundamental para decis\u00f5es sobre a <a target=\"_blank\" href=\"https:\/\/twitter.com\/hashtag\/Forma%C3%A7%C3%A3oDeCole%C3%A7%C3%B5es?src=hash&amp;ref_src=twsrc%5Etfw\" rel=\"noopener\">#Forma\u00e7\u00e3oDeCole\u00e7\u00f5es<\/a> que se alinham com a miss\u00e3o e objetivos institucionais\u201d. <a target=\"_blank\" href=\"https:\/\/t.co\/mDc1xEVzUo\" rel=\"noopener\">https:\/\/t.co\/mDc1xEVzUo<\/a> <a target=\"_blank\" href=\"https:\/\/t.co\/2IFCnhblIm\" rel=\"noopener\">pic.twitter.com\/2IFCnhblIm<\/a><\/p>\n<p>&mdash; Pedro Andretta (@pedroisandretta) <a target=\"_blank\" href=\"https:\/\/twitter.com\/pedroisandretta\/status\/1373260951819014146?ref_src=twsrc%5Etfw\" rel=\"noopener\">March 20, 2021<\/a><\/p><\/blockquote>\n<p><script async src=\"https:\/\/platform.twitter.com\/widgets.js\" charset=\"utf-8\"><\/script><\/p>\n<p>[ad_2]<br \/>\n<br \/><a href=\"https:\/\/twitter.com\/pedroisandretta\/statuses\/1373260951819014146\">Fonte<\/a> : Projeto <a href=\"https:\/\/www.pedroandretta.info\/informeci\">Informe-CI<\/a><\/p>\n","protected":false},"excerpt":{"rendered":"<p>[ad_1] Custo total de administra\u00e7\u00e3o: constru\u00e7\u00e3o respons\u00e1vel de cole\u00e7\u00e3o em #Arquivos e #Cole\u00e7\u00f5esEspeciais l \u201cUma pol\u00edtica de desenvolvimento de cole\u00e7\u00e3o \u00e9 fundamental para decis\u00f5es sobre a #Forma\u00e7\u00e3oDeCole\u00e7\u00f5es que se alinham com a miss\u00e3o e objetivos institucionais\u201d. https:\/\/t.co\/mDc1xEVzUo pic.twitter.com\/2IFCnhblIm &mdash; Pedro Andretta (@pedroisandretta) March 20, 2021 [ad_2] Fonte : Projeto Informe-CI<\/p>\n","protected":false},"author":1,"featured_media":9687,"comment_status":"open","ping_status":"open","sticky":false,"template":"","format":"standard","meta":{"_jetpack_memberships_contains_paid_content":false,"footnotes":"","jetpack_publicize_message":"","jetpack_publicize_feature_enabled":true,"jetpack_social_post_already_shared":true,"jetpack_social_options":{"image_generator_settings":{"template":"highway","default_image_id":0,"font":"","enabled":false},"version":2}},"categories":[21],"tags":[72,1151,51],"class_list":["post-9686","post","type-post","status-publish","format-standard","has-post-thumbnail","hentry","category-informeci","tag-arquivos","tag-colecoesespeciais","tag-formacaodecolecoes"],"jetpack_publicize_connections":[],"jetpack_featured_media_url":"https:\/\/i0.wp.com\/www.pedroandretta.info\/index\/wp-content\/uploads\/2021\/03\/Custo-total-de-administracao-construcao-responsavel-de-colecao-em-Arquivos.jpg?fit=610%2C789&ssl=1","views":"","jetpack_sharing_enabled":true,"_links":{"self":[{"href":"https:\/\/www.pedroandretta.info\/index\/wp-json\/wp\/v2\/posts\/9686","targetHints":{"allow":["GET"]}}],"collection":[{"href":"https:\/\/www.pedroandretta.info\/index\/wp-json\/wp\/v2\/posts"}],"about":[{"href":"https:\/\/www.pedroandretta.info\/index\/wp-json\/wp\/v2\/types\/post"}],"author":[{"embeddable":true,"href":"https:\/\/www.pedroandretta.info\/index\/wp-json\/wp\/v2\/users\/1"}],"replies":[{"embeddable":true,"href":"https:\/\/www.pedroandretta.info\/index\/wp-json\/wp\/v2\/comments?post=9686"}],"version-history":[{"count":0,"href":"https:\/\/www.pedroandretta.info\/index\/wp-json\/wp\/v2\/posts\/9686\/revisions"}],"wp:featuredmedia":[{"embeddable":true,"href":"https:\/\/www.pedroandretta.info\/index\/wp-json\/wp\/v2\/media\/9687"}],"wp:attachment":[{"href":"https:\/\/www.pedroandretta.info\/index\/wp-json\/wp\/v2\/media?parent=9686"}],"wp:term":[{"taxonomy":"category","embeddable":true,"href":"https:\/\/www.pedroandretta.info\/index\/wp-json\/wp\/v2\/categories?post=9686"},{"taxonomy":"post_tag","embeddable":true,"href":"https:\/\/www.pedroandretta.info\/index\/wp-json\/wp\/v2\/tags?post=9686"}],"curies":[{"name":"wp","href":"https:\/\/api.w.org\/{rel}","templated":true}]}}