{"id":9688,"date":"2021-03-20T15:19:01","date_gmt":"2021-03-20T19:19:01","guid":{"rendered":"https:\/\/www.pedroandretta.info\/index\/?p=9688"},"modified":"2021-03-20T15:19:01","modified_gmt":"2021-03-20T19:19:01","slug":"decalogo-da-publicacao-inteligente-l-a-publicacao-como-entidade-cultural-tem","status":"publish","type":"post","link":"https:\/\/www.pedroandretta.info\/index\/2021\/03\/decalogo-da-publicacao-inteligente-l-a-publicacao-como-entidade-cultural-tem\/","title":{"rendered":"Dec\u00e1logo da publica\u00e7\u00e3o inteligente l \u201cA publica\u00e7\u00e3o, como entidade cultural, tem &#8230;"},"content":{"rendered":"<p>[ad_1]<\/p>\n<blockquote class=\"twitter-tweet\">\n<p lang=\"pt\" dir=\"ltr\">Dec\u00e1logo da publica\u00e7\u00e3o inteligente l \u201cA publica\u00e7\u00e3o, como entidade cultural, tem um alto componente de paix\u00e3o, trabalho e intui\u00e7\u00e3o. [&#8230;] Voc\u00ea n\u00e3o pode ser um bom <a target=\"_blank\" href=\"https:\/\/twitter.com\/hashtag\/editor?src=hash&amp;ref_src=twsrc%5Etfw\" rel=\"noopener\">#editor<\/a> sem ser tamb\u00e9m um bom empres\u00e1rio.\u201c <a target=\"_blank\" href=\"https:\/\/twitter.com\/hashtag\/MercadoEditorial?src=hash&amp;ref_src=twsrc%5Etfw\" rel=\"noopener\">#MercadoEditorial<\/a> \ud83c\uddea\ud83c\uddf8 via Actualidad Editorial <a target=\"_blank\" href=\"https:\/\/t.co\/ok4KFxBAWv\" rel=\"noopener\">https:\/\/t.co\/ok4KFxBAWv<\/a><\/p>\n<p>&mdash; Pedro Andretta (@pedroisandretta) <a target=\"_blank\" href=\"https:\/\/twitter.com\/pedroisandretta\/status\/1373353403716415488?ref_src=twsrc%5Etfw\" rel=\"noopener\">March 20, 2021<\/a><\/p><\/blockquote>\n<p><script async src=\"https:\/\/platform.twitter.com\/widgets.js\" charset=\"utf-8\"><\/script><\/p>\n<p>[ad_2]<br \/>\n<br \/><a href=\"https:\/\/twitter.com\/pedroisandretta\/statuses\/1373353403716415488\">Fonte<\/a> : Projeto <a href=\"https:\/\/www.pedroandretta.info\/informeci\">Informe-CI<\/a><\/p>\n","protected":false},"excerpt":{"rendered":"<p>[ad_1] Dec\u00e1logo da publica\u00e7\u00e3o inteligente l \u201cA publica\u00e7\u00e3o, como entidade cultural, tem um alto componente de paix\u00e3o, trabalho e intui\u00e7\u00e3o. [&#8230;] Voc\u00ea n\u00e3o pode ser um bom #editor sem ser tamb\u00e9m um bom empres\u00e1rio.\u201c #MercadoEditorial \ud83c\uddea\ud83c\uddf8 via Actualidad Editorial https:\/\/t.co\/ok4KFxBAWv &mdash; Pedro Andretta (@pedroisandretta) March 20, 2021 [ad_2] Fonte : Projeto Informe-CI<\/p>\n","protected":false},"author":1,"featured_media":0,"comment_status":"open","ping_status":"open","sticky":false,"template":"","format":"standard","meta":{"_jetpack_memberships_contains_paid_content":false,"footnotes":"","jetpack_publicize_message":"","jetpack_publicize_feature_enabled":true,"jetpack_social_post_already_shared":true,"jetpack_social_options":{"image_generator_settings":{"template":"highway","default_image_id":0,"font":"","enabled":false},"version":2}},"categories":[21],"tags":[769,367],"class_list":["post-9688","post","type-post","status-publish","format-standard","hentry","category-informeci","tag-editor","tag-mercadoeditorial"],"jetpack_publicize_connections":[],"jetpack_featured_media_url":"","views":"","jetpack_sharing_enabled":true,"_links":{"self":[{"href":"https:\/\/www.pedroandretta.info\/index\/wp-json\/wp\/v2\/posts\/9688","targetHints":{"allow":["GET"]}}],"collection":[{"href":"https:\/\/www.pedroandretta.info\/index\/wp-json\/wp\/v2\/posts"}],"about":[{"href":"https:\/\/www.pedroandretta.info\/index\/wp-json\/wp\/v2\/types\/post"}],"author":[{"embeddable":true,"href":"https:\/\/www.pedroandretta.info\/index\/wp-json\/wp\/v2\/users\/1"}],"replies":[{"embeddable":true,"href":"https:\/\/www.pedroandretta.info\/index\/wp-json\/wp\/v2\/comments?post=9688"}],"version-history":[{"count":0,"href":"https:\/\/www.pedroandretta.info\/index\/wp-json\/wp\/v2\/posts\/9688\/revisions"}],"wp:attachment":[{"href":"https:\/\/www.pedroandretta.info\/index\/wp-json\/wp\/v2\/media?parent=9688"}],"wp:term":[{"taxonomy":"category","embeddable":true,"href":"https:\/\/www.pedroandretta.info\/index\/wp-json\/wp\/v2\/categories?post=9688"},{"taxonomy":"post_tag","embeddable":true,"href":"https:\/\/www.pedroandretta.info\/index\/wp-json\/wp\/v2\/tags?post=9688"}],"curies":[{"name":"wp","href":"https:\/\/api.w.org\/{rel}","templated":true}]}}