{"id":9696,"date":"2021-03-21T05:11:50","date_gmt":"2021-03-21T09:11:50","guid":{"rendered":"https:\/\/www.pedroandretta.info\/index\/?p=9696"},"modified":"2021-03-21T05:11:50","modified_gmt":"2021-03-21T09:11:50","slug":"21-de-marco-dia-internacional-para-a-eliminacao-da-discriminacao-racial-l-depo","status":"publish","type":"post","link":"https:\/\/www.pedroandretta.info\/index\/2021\/03\/21-de-marco-dia-internacional-para-a-eliminacao-da-discriminacao-racial-l-depo\/","title":{"rendered":"21 de mar\u00e7o: Dia Internacional para a Elimina\u00e7\u00e3o da Discrimina\u00e7\u00e3o Racial l #Depo&#8230;"},"content":{"rendered":"<p>[ad_1]<br \/>\n<img data-recalc-dims=\"1\" decoding=\"async\" src=\"https:\/\/i0.wp.com\/www.pedroandretta.info\/index\/wp-content\/uploads\/2021\/03\/21-de-marco-Dia-Internacional-para-a-Eliminacao-da-Discriminacao.jpg?w=696&#038;ssl=1\"\/><\/p>\n<blockquote class=\"twitter-tweet\">\n<p lang=\"pt\" dir=\"ltr\">21 de mar\u00e7o: Dia Internacional para a Elimina\u00e7\u00e3o da Discrimina\u00e7\u00e3o Racial l <a target=\"_blank\" href=\"https:\/\/twitter.com\/hashtag\/Depoimento?src=hash&amp;ref_src=twsrc%5Etfw\" rel=\"noopener\">#Depoimento<\/a> da Bibliotec\u00e1ria Cristiane Laudemar Rodrigues Moura. BIBLIOTEC\u00c1RIAS(OS) NEGRAS(OS) IMPORTAM! via CRB-8 <a target=\"_blank\" href=\"https:\/\/t.co\/U03tNG6YZY\" rel=\"noopener\">https:\/\/t.co\/U03tNG6YZY<\/a><\/p>\n<p>&mdash; Pedro Andretta (@pedroisandretta) <a target=\"_blank\" href=\"https:\/\/twitter.com\/pedroisandretta\/status\/1373562988653903876?ref_src=twsrc%5Etfw\" rel=\"noopener\">March 21, 2021<\/a><\/p><\/blockquote>\n<p><script async src=\"https:\/\/platform.twitter.com\/widgets.js\" charset=\"utf-8\"><\/script><\/p>\n<p>[ad_2]<br \/>\n<br \/><a href=\"https:\/\/twitter.com\/pedroisandretta\/statuses\/1373562988653903876\">Fonte<\/a> : Projeto <a href=\"https:\/\/www.pedroandretta.info\/informeci\">Informe-CI<\/a><\/p>\n","protected":false},"excerpt":{"rendered":"<p>[ad_1] 21 de mar\u00e7o: Dia Internacional para a Elimina\u00e7\u00e3o da Discrimina\u00e7\u00e3o Racial l #Depoimento da Bibliotec\u00e1ria Cristiane Laudemar Rodrigues Moura. BIBLIOTEC\u00c1RIAS(OS) NEGRAS(OS) IMPORTAM! via CRB-8 https:\/\/t.co\/U03tNG6YZY &mdash; Pedro Andretta (@pedroisandretta) March 21, 2021 [ad_2] Fonte : Projeto Informe-CI<\/p>\n","protected":false},"author":1,"featured_media":9697,"comment_status":"open","ping_status":"open","sticky":false,"template":"","format":"standard","meta":{"_jetpack_memberships_contains_paid_content":false,"footnotes":"","jetpack_publicize_message":"","jetpack_publicize_feature_enabled":true,"jetpack_social_post_already_shared":true,"jetpack_social_options":{"image_generator_settings":{"template":"highway","default_image_id":0,"font":"","enabled":false},"version":2}},"categories":[21],"tags":[3232],"class_list":["post-9696","post","type-post","status-publish","format-standard","has-post-thumbnail","hentry","category-informeci","tag-depoimentos"],"jetpack_publicize_connections":[],"jetpack_featured_media_url":"https:\/\/i0.wp.com\/www.pedroandretta.info\/index\/wp-content\/uploads\/2021\/03\/21-de-marco-Dia-Internacional-para-a-Eliminacao-da-Discriminacao.jpg?fit=480%2C360&ssl=1","views":"","jetpack_sharing_enabled":true,"_links":{"self":[{"href":"https:\/\/www.pedroandretta.info\/index\/wp-json\/wp\/v2\/posts\/9696","targetHints":{"allow":["GET"]}}],"collection":[{"href":"https:\/\/www.pedroandretta.info\/index\/wp-json\/wp\/v2\/posts"}],"about":[{"href":"https:\/\/www.pedroandretta.info\/index\/wp-json\/wp\/v2\/types\/post"}],"author":[{"embeddable":true,"href":"https:\/\/www.pedroandretta.info\/index\/wp-json\/wp\/v2\/users\/1"}],"replies":[{"embeddable":true,"href":"https:\/\/www.pedroandretta.info\/index\/wp-json\/wp\/v2\/comments?post=9696"}],"version-history":[{"count":0,"href":"https:\/\/www.pedroandretta.info\/index\/wp-json\/wp\/v2\/posts\/9696\/revisions"}],"wp:featuredmedia":[{"embeddable":true,"href":"https:\/\/www.pedroandretta.info\/index\/wp-json\/wp\/v2\/media\/9697"}],"wp:attachment":[{"href":"https:\/\/www.pedroandretta.info\/index\/wp-json\/wp\/v2\/media?parent=9696"}],"wp:term":[{"taxonomy":"category","embeddable":true,"href":"https:\/\/www.pedroandretta.info\/index\/wp-json\/wp\/v2\/categories?post=9696"},{"taxonomy":"post_tag","embeddable":true,"href":"https:\/\/www.pedroandretta.info\/index\/wp-json\/wp\/v2\/tags?post=9696"}],"curies":[{"name":"wp","href":"https:\/\/api.w.org\/{rel}","templated":true}]}}