{"id":9750,"date":"2021-03-25T01:00:38","date_gmt":"2021-03-25T05:00:38","guid":{"rendered":"https:\/\/www.pedroandretta.info\/index\/?p=9750"},"modified":"2021-03-25T01:00:38","modified_gmt":"2021-03-25T05:00:38","slug":"competencia-midiatica-e-digital-do-acesso-ao-empoderamento-los-dispositivos-mo","status":"publish","type":"post","link":"https:\/\/www.pedroandretta.info\/index\/2021\/03\/competencia-midiatica-e-digital-do-acesso-ao-empoderamento-los-dispositivos-mo\/","title":{"rendered":"Compet\u00eancia midi\u00e1tica e digital: do acesso ao empoderamento l\u201cOs dispositivos m\u00f3&#8230;"},"content":{"rendered":"<p>[ad_1]<\/p>\n<blockquote class=\"twitter-tweet\">\n<p lang=\"pt\" dir=\"ltr\">Compet\u00eancia midi\u00e1tica e digital: do acesso ao empoderamento l\u201cOs dispositivos m\u00f3veis j\u00e1 expiraram a famosa frase de McLuhan de que os meios de comunica\u00e7\u00e3o eram \u201cextens\u00f5es de pessoas\u201d para se tornar \u201c\u00f3rg\u00e3os vitais\u201d [&#8230;].\u201d <a target=\"_blank\" href=\"https:\/\/twitter.com\/hashtag\/EduComunica%C3%A7%C3%A3o?src=hash&amp;ref_src=twsrc%5Etfw\" rel=\"noopener\">#EduComunica\u00e7\u00e3o<\/a> <a target=\"_blank\" href=\"https:\/\/twitter.com\/hashtag\/Educa%C3%A7%C3%A3oMidi%C3%A1tica?src=hash&amp;ref_src=twsrc%5Etfw\" rel=\"noopener\">#Educa\u00e7\u00e3oMidi\u00e1tica<\/a> <a target=\"_blank\" href=\"https:\/\/t.co\/YWii66KRSj\" rel=\"noopener\">https:\/\/t.co\/YWii66KRSj<\/a> <a target=\"_blank\" href=\"https:\/\/t.co\/vQbokHfe5j\" rel=\"noopener\">pic.twitter.com\/vQbokHfe5j<\/a><\/p>\n<p>&mdash; Pedro Andretta (@pedroisandretta) <a target=\"_blank\" href=\"https:\/\/twitter.com\/pedroisandretta\/status\/1374949322257752066?ref_src=twsrc%5Etfw\" rel=\"noopener\">March 25, 2021<\/a><\/p><\/blockquote>\n<p><script async src=\"https:\/\/platform.twitter.com\/widgets.js\" charset=\"utf-8\"><\/script><\/p>\n<p>[ad_2]<br \/>\n<br \/><a href=\"https:\/\/twitter.com\/pedroisandretta\/statuses\/1374949322257752066\">Fonte<\/a> : Projeto <a href=\"https:\/\/www.pedroandretta.info\/informeci\">Informe-CI<\/a><\/p>\n","protected":false},"excerpt":{"rendered":"<p>[ad_1] Compet\u00eancia midi\u00e1tica e digital: do acesso ao empoderamento l\u201cOs dispositivos m\u00f3veis j\u00e1 expiraram a famosa frase de McLuhan de que os meios de comunica\u00e7\u00e3o eram \u201cextens\u00f5es de pessoas\u201d para se tornar \u201c\u00f3rg\u00e3os vitais\u201d [&#8230;].\u201d #EduComunica\u00e7\u00e3o #Educa\u00e7\u00e3oMidi\u00e1tica https:\/\/t.co\/YWii66KRSj pic.twitter.com\/vQbokHfe5j &mdash; Pedro Andretta (@pedroisandretta) March 25, 2021 [ad_2] Fonte : Projeto Informe-CI<\/p>\n","protected":false},"author":1,"featured_media":9751,"comment_status":"open","ping_status":"open","sticky":false,"template":"","format":"standard","meta":{"_jetpack_memberships_contains_paid_content":false,"footnotes":"","jetpack_publicize_message":"","jetpack_publicize_feature_enabled":true,"jetpack_social_post_already_shared":true,"jetpack_social_options":{"image_generator_settings":{"template":"highway","default_image_id":0,"font":"","enabled":false},"version":2}},"categories":[21],"tags":[426,1577],"class_list":["post-9750","post","type-post","status-publish","format-standard","has-post-thumbnail","hentry","category-informeci","tag-educacaomidiatica","tag-educomunicacao"],"jetpack_publicize_connections":[],"jetpack_featured_media_url":"https:\/\/i0.wp.com\/www.pedroandretta.info\/index\/wp-content\/uploads\/2021\/03\/Competencia-midiatica-e-digital-do-acesso-ao-empoderamento-lOs-dispositivos.jpg?fit=640%2C867&ssl=1","views":"","jetpack_sharing_enabled":true,"_links":{"self":[{"href":"https:\/\/www.pedroandretta.info\/index\/wp-json\/wp\/v2\/posts\/9750","targetHints":{"allow":["GET"]}}],"collection":[{"href":"https:\/\/www.pedroandretta.info\/index\/wp-json\/wp\/v2\/posts"}],"about":[{"href":"https:\/\/www.pedroandretta.info\/index\/wp-json\/wp\/v2\/types\/post"}],"author":[{"embeddable":true,"href":"https:\/\/www.pedroandretta.info\/index\/wp-json\/wp\/v2\/users\/1"}],"replies":[{"embeddable":true,"href":"https:\/\/www.pedroandretta.info\/index\/wp-json\/wp\/v2\/comments?post=9750"}],"version-history":[{"count":0,"href":"https:\/\/www.pedroandretta.info\/index\/wp-json\/wp\/v2\/posts\/9750\/revisions"}],"wp:featuredmedia":[{"embeddable":true,"href":"https:\/\/www.pedroandretta.info\/index\/wp-json\/wp\/v2\/media\/9751"}],"wp:attachment":[{"href":"https:\/\/www.pedroandretta.info\/index\/wp-json\/wp\/v2\/media?parent=9750"}],"wp:term":[{"taxonomy":"category","embeddable":true,"href":"https:\/\/www.pedroandretta.info\/index\/wp-json\/wp\/v2\/categories?post=9750"},{"taxonomy":"post_tag","embeddable":true,"href":"https:\/\/www.pedroandretta.info\/index\/wp-json\/wp\/v2\/tags?post=9750"}],"curies":[{"name":"wp","href":"https:\/\/api.w.org\/{rel}","templated":true}]}}