{"id":9898,"date":"2021-04-06T23:30:46","date_gmt":"2021-04-07T03:30:46","guid":{"rendered":"https:\/\/www.pedroandretta.info\/index\/?p=9898"},"modified":"2021-04-06T23:30:46","modified_gmt":"2021-04-07T03:30:46","slug":"os-valores-pragmatico-afetivo-e-simbolico-no-processo-de-mediacao-consciente-da","status":"publish","type":"post","link":"https:\/\/www.pedroandretta.info\/index\/2021\/04\/os-valores-pragmatico-afetivo-e-simbolico-no-processo-de-mediacao-consciente-da\/","title":{"rendered":"Os valores pragm\u00e1tico, afetivo e simb\u00f3lico no processo de Media\u00e7\u00e3o Consciente Da&#8230;"},"content":{"rendered":"<p>[ad_1]<\/p>\n<blockquote class=\"twitter-tweet\">\n<p lang=\"pt\" dir=\"ltr\">Os valores pragm\u00e1tico, afetivo e simb\u00f3lico no processo de Media\u00e7\u00e3o Consciente Da Informa\u00e7\u00e3o l \u201c[&#8230;] o valor afetivo deve ser considerado e alcan\u00e7ado por mediadores e usu\u00e1rios no processo de <a target=\"_blank\" href=\"https:\/\/twitter.com\/hashtag\/Media%C3%A7%C3%A3oDaInforma%C3%A7%C3%A3o?src=hash&amp;ref_src=twsrc%5Etfw\" rel=\"noopener\">#Media\u00e7\u00e3oDaInforma\u00e7\u00e3o<\/a> \u201c <a target=\"_blank\" href=\"https:\/\/t.co\/kDnpgnw6hU\" rel=\"noopener\">https:\/\/t.co\/kDnpgnw6hU<\/a> <a target=\"_blank\" href=\"https:\/\/t.co\/95qrzf8WLJ\" rel=\"noopener\">pic.twitter.com\/95qrzf8WLJ<\/a><\/p>\n<p>&mdash; Pedro Andretta (@pedroisandretta) <a target=\"_blank\" href=\"https:\/\/twitter.com\/pedroisandretta\/status\/1379637747741290501?ref_src=twsrc%5Etfw\" rel=\"noopener\">April 7, 2021<\/a><\/p><\/blockquote>\n<p><script async src=\"https:\/\/platform.twitter.com\/widgets.js\" charset=\"utf-8\"><\/script><\/p>\n<p>[ad_2]<br \/>\n<br \/><a href=\"https:\/\/twitter.com\/pedroisandretta\/statuses\/1379637747741290501\">Fonte<\/a> : Projeto <a href=\"https:\/\/www.pedroandretta.info\/informeci\">Informe-CI<\/a><\/p>\n","protected":false},"excerpt":{"rendered":"<p>[ad_1] Os valores pragm\u00e1tico, afetivo e simb\u00f3lico no processo de Media\u00e7\u00e3o Consciente Da Informa\u00e7\u00e3o l \u201c[&#8230;] o valor afetivo deve ser considerado e alcan\u00e7ado por mediadores e usu\u00e1rios no processo de #Media\u00e7\u00e3oDaInforma\u00e7\u00e3o \u201c https:\/\/t.co\/kDnpgnw6hU pic.twitter.com\/95qrzf8WLJ &mdash; Pedro Andretta (@pedroisandretta) April 7, 2021 [ad_2] Fonte : Projeto Informe-CI<\/p>\n","protected":false},"author":1,"featured_media":9899,"comment_status":"open","ping_status":"open","sticky":false,"template":"","format":"standard","meta":{"_jetpack_memberships_contains_paid_content":false,"footnotes":"","jetpack_publicize_message":"","jetpack_publicize_feature_enabled":true,"jetpack_social_post_already_shared":true,"jetpack_social_options":{"image_generator_settings":{"template":"highway","default_image_id":0,"font":"","enabled":false},"version":2}},"categories":[21],"tags":[509],"class_list":["post-9898","post","type-post","status-publish","format-standard","has-post-thumbnail","hentry","category-informeci","tag-mediacaodainformacao"],"jetpack_publicize_connections":[],"jetpack_featured_media_url":"https:\/\/i0.wp.com\/www.pedroandretta.info\/index\/wp-content\/uploads\/2021\/04\/Os-valores-pragmatico-afetivo-e-simbolico-no-processo-de-Mediacao.jpg?fit=552%2C898&ssl=1","views":"","jetpack_sharing_enabled":true,"_links":{"self":[{"href":"https:\/\/www.pedroandretta.info\/index\/wp-json\/wp\/v2\/posts\/9898","targetHints":{"allow":["GET"]}}],"collection":[{"href":"https:\/\/www.pedroandretta.info\/index\/wp-json\/wp\/v2\/posts"}],"about":[{"href":"https:\/\/www.pedroandretta.info\/index\/wp-json\/wp\/v2\/types\/post"}],"author":[{"embeddable":true,"href":"https:\/\/www.pedroandretta.info\/index\/wp-json\/wp\/v2\/users\/1"}],"replies":[{"embeddable":true,"href":"https:\/\/www.pedroandretta.info\/index\/wp-json\/wp\/v2\/comments?post=9898"}],"version-history":[{"count":0,"href":"https:\/\/www.pedroandretta.info\/index\/wp-json\/wp\/v2\/posts\/9898\/revisions"}],"wp:featuredmedia":[{"embeddable":true,"href":"https:\/\/www.pedroandretta.info\/index\/wp-json\/wp\/v2\/media\/9899"}],"wp:attachment":[{"href":"https:\/\/www.pedroandretta.info\/index\/wp-json\/wp\/v2\/media?parent=9898"}],"wp:term":[{"taxonomy":"category","embeddable":true,"href":"https:\/\/www.pedroandretta.info\/index\/wp-json\/wp\/v2\/categories?post=9898"},{"taxonomy":"post_tag","embeddable":true,"href":"https:\/\/www.pedroandretta.info\/index\/wp-json\/wp\/v2\/tags?post=9898"}],"curies":[{"name":"wp","href":"https:\/\/api.w.org\/{rel}","templated":true}]}}