{"id":9900,"date":"2021-04-07T00:09:42","date_gmt":"2021-04-07T04:09:42","guid":{"rendered":"https:\/\/www.pedroandretta.info\/index\/?p=9900"},"modified":"2021-04-07T00:09:42","modified_gmt":"2021-04-07T04:09:42","slug":"a-luta-pelas-bibliotecas-da-gra-bretanha-l-devemos-continuar-a-lutar-nao","status":"publish","type":"post","link":"https:\/\/www.pedroandretta.info\/index\/2021\/04\/a-luta-pelas-bibliotecas-da-gra-bretanha-l-devemos-continuar-a-lutar-nao\/","title":{"rendered":"A luta pelas bibliotecas da Gr\u00e3-Bretanha l \u201c[&#8230;] devemos continuar a lutar n\u00e3o &#8230;"},"content":{"rendered":"<p>[ad_1]<\/p>\n<blockquote class=\"twitter-tweet\">\n<p lang=\"pt\" dir=\"ltr\">A luta pelas bibliotecas da Gr\u00e3-Bretanha l \u201c[&#8230;] devemos continuar a lutar n\u00e3o s\u00f3 pelas bibliotecas, mas pelos bibliotec\u00e1rios: sem eles, os servi\u00e7os deixar\u00e3o de existir\u201d <a target=\"_blank\" href=\"https:\/\/twitter.com\/hashtag\/Bibliotec%C3%A1rios?src=hash&amp;ref_src=twsrc%5Etfw\" rel=\"noopener\">#Bibliotec\u00e1rios<\/a> <a target=\"_blank\" href=\"https:\/\/twitter.com\/hashtag\/Bibliotecas?src=hash&amp;ref_src=twsrc%5Etfw\" rel=\"noopener\">#Bibliotecas<\/a> <a target=\"_blank\" href=\"https:\/\/twitter.com\/hashtag\/Pandemia?src=hash&amp;ref_src=twsrc%5Etfw\" rel=\"noopener\">#Pandemia<\/a> <a target=\"_blank\" href=\"https:\/\/twitter.com\/hashtag\/ReinoUnido?src=hash&amp;ref_src=twsrc%5Etfw\" rel=\"noopener\">#ReinoUnido<\/a> \ud83c\uddfa\ud83c\uddf8 via Tribune  <a target=\"_blank\" href=\"https:\/\/t.co\/nJLJVKxyLE\" rel=\"noopener\">https:\/\/t.co\/nJLJVKxyLE<\/a><\/p>\n<p>&mdash; Pedro Andretta (@pedroisandretta) <a target=\"_blank\" href=\"https:\/\/twitter.com\/pedroisandretta\/status\/1379647545455087617?ref_src=twsrc%5Etfw\" rel=\"noopener\">April 7, 2021<\/a><\/p><\/blockquote>\n<p><script async src=\"https:\/\/platform.twitter.com\/widgets.js\" charset=\"utf-8\"><\/script><\/p>\n<p>[ad_2]<br \/>\n<br \/><a href=\"https:\/\/twitter.com\/pedroisandretta\/statuses\/1379647545455087617\">Fonte<\/a> : Projeto <a href=\"https:\/\/www.pedroandretta.info\/informeci\">Informe-CI<\/a><\/p>\n","protected":false},"excerpt":{"rendered":"<p>[ad_1] A luta pelas bibliotecas da Gr\u00e3-Bretanha l \u201c[&#8230;] devemos continuar a lutar n\u00e3o s\u00f3 pelas bibliotecas, mas pelos bibliotec\u00e1rios: sem eles, os servi\u00e7os deixar\u00e3o de existir\u201d #Bibliotec\u00e1rios #Bibliotecas #Pandemia #ReinoUnido \ud83c\uddfa\ud83c\uddf8 via Tribune https:\/\/t.co\/nJLJVKxyLE &mdash; Pedro Andretta (@pedroisandretta) April 7, 2021 [ad_2] Fonte : Projeto Informe-CI<\/p>\n","protected":false},"author":1,"featured_media":0,"comment_status":"open","ping_status":"open","sticky":false,"template":"","format":"standard","meta":{"_jetpack_memberships_contains_paid_content":false,"footnotes":"","jetpack_publicize_message":"","jetpack_publicize_feature_enabled":true,"jetpack_social_post_already_shared":true,"jetpack_social_options":{"image_generator_settings":{"template":"highway","default_image_id":0,"font":"","enabled":false},"version":2}},"categories":[21],"tags":[22,38,629,2100],"class_list":["post-9900","post","type-post","status-publish","format-standard","hentry","category-informeci","tag-bibliotecarios","tag-bibliotecas","tag-pandemia","tag-reinounido"],"jetpack_publicize_connections":[],"jetpack_featured_media_url":"","views":"","jetpack_sharing_enabled":true,"_links":{"self":[{"href":"https:\/\/www.pedroandretta.info\/index\/wp-json\/wp\/v2\/posts\/9900","targetHints":{"allow":["GET"]}}],"collection":[{"href":"https:\/\/www.pedroandretta.info\/index\/wp-json\/wp\/v2\/posts"}],"about":[{"href":"https:\/\/www.pedroandretta.info\/index\/wp-json\/wp\/v2\/types\/post"}],"author":[{"embeddable":true,"href":"https:\/\/www.pedroandretta.info\/index\/wp-json\/wp\/v2\/users\/1"}],"replies":[{"embeddable":true,"href":"https:\/\/www.pedroandretta.info\/index\/wp-json\/wp\/v2\/comments?post=9900"}],"version-history":[{"count":0,"href":"https:\/\/www.pedroandretta.info\/index\/wp-json\/wp\/v2\/posts\/9900\/revisions"}],"wp:attachment":[{"href":"https:\/\/www.pedroandretta.info\/index\/wp-json\/wp\/v2\/media?parent=9900"}],"wp:term":[{"taxonomy":"category","embeddable":true,"href":"https:\/\/www.pedroandretta.info\/index\/wp-json\/wp\/v2\/categories?post=9900"},{"taxonomy":"post_tag","embeddable":true,"href":"https:\/\/www.pedroandretta.info\/index\/wp-json\/wp\/v2\/tags?post=9900"}],"curies":[{"name":"wp","href":"https:\/\/api.w.org\/{rel}","templated":true}]}}