{"id":9906,"date":"2021-04-07T15:53:36","date_gmt":"2021-04-07T19:53:36","guid":{"rendered":"https:\/\/www.pedroandretta.info\/index\/?p=9906"},"modified":"2021-04-07T15:53:36","modified_gmt":"2021-04-07T19:53:36","slug":"morre-o-critico-literario-alfredo-bosi-l-ele-havia-contraido-covid-19-nos-ultim","status":"publish","type":"post","link":"https:\/\/www.pedroandretta.info\/index\/2021\/04\/morre-o-critico-literario-alfredo-bosi-l-ele-havia-contraido-covid-19-nos-ultim\/","title":{"rendered":"Morre o cr\u00edtico liter\u00e1rio Alfredo Bosi l \u201cEle havia contra\u00eddo Covid-19 nos \u00faltim&#8230;"},"content":{"rendered":"<p>[ad_1]<\/p>\n<blockquote class=\"twitter-tweet\">\n<p lang=\"pt\" dir=\"ltr\">Morre o cr\u00edtico liter\u00e1rio Alfredo Bosi l \u201cEle havia contra\u00eddo Covid-19 nos \u00faltimos dias e estava internado. Bosi era ocupante da cadeira 12 da Academia Brasileira de Letras e um dos maiores cr\u00edticos liter\u00e1rios do Brasil.\u201d <a target=\"_blank\" href=\"https:\/\/twitter.com\/hashtag\/Biografias?src=hash&amp;ref_src=twsrc%5Etfw\" rel=\"noopener\">#Biografias<\/a> <a target=\"_blank\" href=\"https:\/\/twitter.com\/hashtag\/Luto?src=hash&amp;ref_src=twsrc%5Etfw\" rel=\"noopener\">#Luto<\/a> via Rascunho <a target=\"_blank\" href=\"https:\/\/t.co\/azTcnD98Fr\" rel=\"noopener\">https:\/\/t.co\/azTcnD98Fr<\/a><\/p>\n<p>&mdash; Pedro Andretta (@pedroisandretta) <a target=\"_blank\" href=\"https:\/\/twitter.com\/pedroisandretta\/status\/1379885088624803841?ref_src=twsrc%5Etfw\" rel=\"noopener\">April 7, 2021<\/a><\/p><\/blockquote>\n<p><script async src=\"https:\/\/platform.twitter.com\/widgets.js\" charset=\"utf-8\"><\/script><\/p>\n<p>[ad_2]<br \/>\n<br \/><a href=\"https:\/\/twitter.com\/pedroisandretta\/statuses\/1379885088624803841\">Fonte<\/a> : Projeto <a href=\"https:\/\/www.pedroandretta.info\/informeci\">Informe-CI<\/a><\/p>\n","protected":false},"excerpt":{"rendered":"<p>[ad_1] Morre o cr\u00edtico liter\u00e1rio Alfredo Bosi l \u201cEle havia contra\u00eddo Covid-19 nos \u00faltimos dias e estava internado. Bosi era ocupante da cadeira 12 da Academia Brasileira de Letras e um dos maiores cr\u00edticos liter\u00e1rios do Brasil.\u201d #Biografias #Luto via Rascunho https:\/\/t.co\/azTcnD98Fr &mdash; Pedro Andretta (@pedroisandretta) April 7, 2021 [ad_2] Fonte : Projeto Informe-CI<\/p>\n","protected":false},"author":1,"featured_media":0,"comment_status":"open","ping_status":"open","sticky":false,"template":"","format":"standard","meta":{"_jetpack_memberships_contains_paid_content":false,"footnotes":"","jetpack_publicize_message":"","jetpack_publicize_feature_enabled":true,"jetpack_social_post_already_shared":true,"jetpack_social_options":{"image_generator_settings":{"template":"highway","default_image_id":0,"font":"","enabled":false},"version":2}},"categories":[21],"tags":[1671,655],"class_list":["post-9906","post","type-post","status-publish","format-standard","hentry","category-informeci","tag-biografias","tag-luto"],"jetpack_publicize_connections":[],"jetpack_featured_media_url":"","views":"","jetpack_sharing_enabled":true,"_links":{"self":[{"href":"https:\/\/www.pedroandretta.info\/index\/wp-json\/wp\/v2\/posts\/9906","targetHints":{"allow":["GET"]}}],"collection":[{"href":"https:\/\/www.pedroandretta.info\/index\/wp-json\/wp\/v2\/posts"}],"about":[{"href":"https:\/\/www.pedroandretta.info\/index\/wp-json\/wp\/v2\/types\/post"}],"author":[{"embeddable":true,"href":"https:\/\/www.pedroandretta.info\/index\/wp-json\/wp\/v2\/users\/1"}],"replies":[{"embeddable":true,"href":"https:\/\/www.pedroandretta.info\/index\/wp-json\/wp\/v2\/comments?post=9906"}],"version-history":[{"count":0,"href":"https:\/\/www.pedroandretta.info\/index\/wp-json\/wp\/v2\/posts\/9906\/revisions"}],"wp:attachment":[{"href":"https:\/\/www.pedroandretta.info\/index\/wp-json\/wp\/v2\/media?parent=9906"}],"wp:term":[{"taxonomy":"category","embeddable":true,"href":"https:\/\/www.pedroandretta.info\/index\/wp-json\/wp\/v2\/categories?post=9906"},{"taxonomy":"post_tag","embeddable":true,"href":"https:\/\/www.pedroandretta.info\/index\/wp-json\/wp\/v2\/tags?post=9906"}],"curies":[{"name":"wp","href":"https:\/\/api.w.org\/{rel}","templated":true}]}}