{"id":9963,"date":"2021-04-12T16:49:56","date_gmt":"2021-04-12T20:49:56","guid":{"rendered":"https:\/\/www.pedroandretta.info\/index\/?p=9963"},"modified":"2021-04-12T16:49:56","modified_gmt":"2021-04-12T20:49:56","slug":"pensadores-brasileiros-da-ciencia-da-informacao-e-biblioteconomia-2015-organ","status":"publish","type":"post","link":"https:\/\/www.pedroandretta.info\/index\/2021\/04\/pensadores-brasileiros-da-ciencia-da-informacao-e-biblioteconomia-2015-organ\/","title":{"rendered":"Pensadores brasileiros da Ci\u00eancia da informa\u00e7\u00e3o e Biblioteconomia (2015),  organ&#8230;"},"content":{"rendered":"<p>[ad_1]<\/p>\n<blockquote class=\"twitter-tweet\">\n<p lang=\"pt\" dir=\"ltr\">Pensadores brasileiros da Ci\u00eancia da informa\u00e7\u00e3o e Biblioteconomia (2015),  organizado por Solange Puntal Mostafa, M\u00e1rcia Regina da Silva e Jos\u00e9 Eduardo Santarem Segundo l Dispon\u00edvel pela editora da UFPB . <a target=\"_blank\" href=\"https:\/\/twitter.com\/hashtag\/Hist%C3%B3riaDaBiblioteconomia?src=hash&amp;ref_src=twsrc%5Etfw\" rel=\"noopener\">#Hist\u00f3riaDaBiblioteconomia<\/a> <a target=\"_blank\" href=\"https:\/\/twitter.com\/hashtag\/Biografias?src=hash&amp;ref_src=twsrc%5Etfw\" rel=\"noopener\">#Biografias<\/a>  <a target=\"_blank\" href=\"https:\/\/twitter.com\/hashtag\/LivrosCI?src=hash&amp;ref_src=twsrc%5Etfw\" rel=\"noopener\">#LivrosCI<\/a>  <a target=\"_blank\" href=\"https:\/\/t.co\/TKLVo1PXLc\" rel=\"noopener\">https:\/\/t.co\/TKLVo1PXLc<\/a> <a target=\"_blank\" href=\"https:\/\/t.co\/c0r9980Mi4\" rel=\"noopener\">pic.twitter.com\/c0r9980Mi4<\/a><\/p>\n<p>&mdash; Pedro Andretta (@pedroisandretta) <a target=\"_blank\" href=\"https:\/\/twitter.com\/pedroisandretta\/status\/1381711203362291715?ref_src=twsrc%5Etfw\" rel=\"noopener\">April 12, 2021<\/a><\/p><\/blockquote>\n<p><script async src=\"https:\/\/platform.twitter.com\/widgets.js\" charset=\"utf-8\"><\/script><\/p>\n<p>[ad_2]<br \/>\n<br \/><a href=\"https:\/\/twitter.com\/pedroisandretta\/statuses\/1381711203362291715\">Fonte<\/a> : Projeto <a href=\"https:\/\/www.pedroandretta.info\/informeci\">Informe-CI<\/a><\/p>\n","protected":false},"excerpt":{"rendered":"<p>[ad_1] Pensadores brasileiros da Ci\u00eancia da informa\u00e7\u00e3o e Biblioteconomia (2015), organizado por Solange Puntal Mostafa, M\u00e1rcia Regina da Silva e Jos\u00e9 Eduardo Santarem Segundo l Dispon\u00edvel pela editora da UFPB . #Hist\u00f3riaDaBiblioteconomia #Biografias #LivrosCI https:\/\/t.co\/TKLVo1PXLc pic.twitter.com\/c0r9980Mi4 &mdash; Pedro Andretta (@pedroisandretta) April 12, 2021 [ad_2] Fonte : Projeto Informe-CI<\/p>\n","protected":false},"author":1,"featured_media":9964,"comment_status":"open","ping_status":"open","sticky":false,"template":"","format":"standard","meta":{"_jetpack_memberships_contains_paid_content":false,"footnotes":"","jetpack_publicize_message":"","jetpack_publicize_feature_enabled":true,"jetpack_social_post_already_shared":true,"jetpack_social_options":{"image_generator_settings":{"template":"highway","default_image_id":0,"font":"","enabled":false},"version":2}},"categories":[21],"tags":[1671,1330,1733],"class_list":["post-9963","post","type-post","status-publish","format-standard","has-post-thumbnail","hentry","category-informeci","tag-biografias","tag-historiadabiblioteconomia","tag-livrosci"],"jetpack_publicize_connections":[],"jetpack_featured_media_url":"https:\/\/i0.wp.com\/www.pedroandretta.info\/index\/wp-content\/uploads\/2021\/04\/Pensadores-brasileiros-da-Ciencia-da-informacao-e-Biblioteconomia-2015-organ.jpg?fit=591%2C869&ssl=1","views":"","jetpack_sharing_enabled":true,"_links":{"self":[{"href":"https:\/\/www.pedroandretta.info\/index\/wp-json\/wp\/v2\/posts\/9963","targetHints":{"allow":["GET"]}}],"collection":[{"href":"https:\/\/www.pedroandretta.info\/index\/wp-json\/wp\/v2\/posts"}],"about":[{"href":"https:\/\/www.pedroandretta.info\/index\/wp-json\/wp\/v2\/types\/post"}],"author":[{"embeddable":true,"href":"https:\/\/www.pedroandretta.info\/index\/wp-json\/wp\/v2\/users\/1"}],"replies":[{"embeddable":true,"href":"https:\/\/www.pedroandretta.info\/index\/wp-json\/wp\/v2\/comments?post=9963"}],"version-history":[{"count":0,"href":"https:\/\/www.pedroandretta.info\/index\/wp-json\/wp\/v2\/posts\/9963\/revisions"}],"wp:featuredmedia":[{"embeddable":true,"href":"https:\/\/www.pedroandretta.info\/index\/wp-json\/wp\/v2\/media\/9964"}],"wp:attachment":[{"href":"https:\/\/www.pedroandretta.info\/index\/wp-json\/wp\/v2\/media?parent=9963"}],"wp:term":[{"taxonomy":"category","embeddable":true,"href":"https:\/\/www.pedroandretta.info\/index\/wp-json\/wp\/v2\/categories?post=9963"},{"taxonomy":"post_tag","embeddable":true,"href":"https:\/\/www.pedroandretta.info\/index\/wp-json\/wp\/v2\/tags?post=9963"}],"curies":[{"name":"wp","href":"https:\/\/api.w.org\/{rel}","templated":true}]}}