{"id":9969,"date":"2021-04-12T16:21:22","date_gmt":"2021-04-12T20:21:22","guid":{"rendered":"https:\/\/www.pedroandretta.info\/index\/?p=9969"},"modified":"2021-04-12T16:21:22","modified_gmt":"2021-04-12T20:21:22","slug":"stf-quer-derrubar-lei-que-obriga-escolas-e-bibliotecas-publicas-do-amazonas-a-te","status":"publish","type":"post","link":"https:\/\/www.pedroandretta.info\/index\/2021\/04\/stf-quer-derrubar-lei-que-obriga-escolas-e-bibliotecas-publicas-do-amazonas-a-te\/","title":{"rendered":"STF quer derrubar lei que obriga escolas e bibliotecas p\u00fablicas do Amazonas a te&#8230;"},"content":{"rendered":"<p>[ad_1]<br \/>\n<img data-recalc-dims=\"1\" decoding=\"async\" src=\"https:\/\/i0.wp.com\/www.pedroandretta.info\/index\/wp-content\/uploads\/2021\/04\/STF-quer-derrubar-lei-que-obriga-escolas-e-bibliotecas-publicas.jpg?w=696&#038;ssl=1\"\/><\/p>\n<blockquote class=\"twitter-tweet\">\n<p lang=\"pt\" dir=\"ltr\">STF quer derrubar lei que obriga escolas e bibliotecas p\u00fablicas do Amazonas a terem <a target=\"_blank\" href=\"https:\/\/twitter.com\/hashtag\/B%C3%ADblia?src=hash&amp;ref_src=twsrc%5Etfw\" rel=\"noopener\">#B\u00edblia<\/a> | Para PGR e <a target=\"_blank\" href=\"https:\/\/twitter.com\/hashtag\/STF?src=hash&amp;ref_src=twsrc%5Etfw\" rel=\"noopener\">#STF<\/a> , lei dispensa tratamento desigual \u00e0s cren\u00e7as, desprestigiando outras religi\u00f5es e estudantes que n\u00e3o professam cren\u00e7a religiosa. <a target=\"_blank\" href=\"https:\/\/twitter.com\/hashtag\/AM?src=hash&amp;ref_src=twsrc%5Etfw\" rel=\"noopener\">#AM<\/a> via Exame <a target=\"_blank\" href=\"https:\/\/t.co\/fpwanthKvl\" rel=\"noopener\">https:\/\/t.co\/fpwanthKvl<\/a><\/p>\n<p>&mdash; Pedro Andretta (@pedroisandretta) <a target=\"_blank\" href=\"https:\/\/twitter.com\/pedroisandretta\/status\/1381704013779976197?ref_src=twsrc%5Etfw\" rel=\"noopener\">April 12, 2021<\/a><\/p><\/blockquote>\n<p><script async src=\"https:\/\/platform.twitter.com\/widgets.js\" charset=\"utf-8\"><\/script><\/p>\n<p>[ad_2]<br \/>\n<br \/><a href=\"https:\/\/twitter.com\/pedroisandretta\/statuses\/1381704013779976197\">Fonte<\/a> : Projeto <a href=\"https:\/\/www.pedroandretta.info\/informeci\">Informe-CI<\/a><\/p>\n","protected":false},"excerpt":{"rendered":"<p>[ad_1] STF quer derrubar lei que obriga escolas e bibliotecas p\u00fablicas do Amazonas a terem #B\u00edblia | Para PGR e #STF , lei dispensa tratamento desigual \u00e0s cren\u00e7as, desprestigiando outras religi\u00f5es e estudantes que n\u00e3o professam cren\u00e7a religiosa. #AM via Exame https:\/\/t.co\/fpwanthKvl &mdash; Pedro Andretta (@pedroisandretta) April 12, 2021 [ad_2] Fonte : Projeto Informe-CI<\/p>\n","protected":false},"author":1,"featured_media":9970,"comment_status":"open","ping_status":"open","sticky":false,"template":"","format":"standard","meta":{"_jetpack_memberships_contains_paid_content":false,"footnotes":"","jetpack_publicize_message":"","jetpack_publicize_feature_enabled":true,"jetpack_social_post_already_shared":true,"jetpack_social_options":{"image_generator_settings":{"template":"highway","default_image_id":0,"font":"","enabled":false},"version":2}},"categories":[21],"tags":[2119,1497,2106],"class_list":["post-9969","post","type-post","status-publish","format-standard","has-post-thumbnail","hentry","category-informeci","tag-am","tag-biblia","tag-stf"],"jetpack_publicize_connections":[],"jetpack_featured_media_url":"https:\/\/i0.wp.com\/www.pedroandretta.info\/index\/wp-content\/uploads\/2021\/04\/STF-quer-derrubar-lei-que-obriga-escolas-e-bibliotecas-publicas.jpg?fit=640%2C427&ssl=1","views":"","jetpack_sharing_enabled":true,"_links":{"self":[{"href":"https:\/\/www.pedroandretta.info\/index\/wp-json\/wp\/v2\/posts\/9969","targetHints":{"allow":["GET"]}}],"collection":[{"href":"https:\/\/www.pedroandretta.info\/index\/wp-json\/wp\/v2\/posts"}],"about":[{"href":"https:\/\/www.pedroandretta.info\/index\/wp-json\/wp\/v2\/types\/post"}],"author":[{"embeddable":true,"href":"https:\/\/www.pedroandretta.info\/index\/wp-json\/wp\/v2\/users\/1"}],"replies":[{"embeddable":true,"href":"https:\/\/www.pedroandretta.info\/index\/wp-json\/wp\/v2\/comments?post=9969"}],"version-history":[{"count":0,"href":"https:\/\/www.pedroandretta.info\/index\/wp-json\/wp\/v2\/posts\/9969\/revisions"}],"wp:featuredmedia":[{"embeddable":true,"href":"https:\/\/www.pedroandretta.info\/index\/wp-json\/wp\/v2\/media\/9970"}],"wp:attachment":[{"href":"https:\/\/www.pedroandretta.info\/index\/wp-json\/wp\/v2\/media?parent=9969"}],"wp:term":[{"taxonomy":"category","embeddable":true,"href":"https:\/\/www.pedroandretta.info\/index\/wp-json\/wp\/v2\/categories?post=9969"},{"taxonomy":"post_tag","embeddable":true,"href":"https:\/\/www.pedroandretta.info\/index\/wp-json\/wp\/v2\/tags?post=9969"}],"curies":[{"name":"wp","href":"https:\/\/api.w.org\/{rel}","templated":true}]}}