{"id":9987,"date":"2021-04-14T16:52:56","date_gmt":"2021-04-14T20:52:56","guid":{"rendered":"https:\/\/www.pedroandretta.info\/index\/?p=9987"},"modified":"2021-04-14T16:52:56","modified_gmt":"2021-04-14T20:52:56","slug":"brasileiro-perdeu-quase-2-anos-de-expectativa-de-vida-na-pandemia-e-2021-deve-s","status":"publish","type":"post","link":"https:\/\/www.pedroandretta.info\/index\/2021\/04\/brasileiro-perdeu-quase-2-anos-de-expectativa-de-vida-na-pandemia-e-2021-deve-s\/","title":{"rendered":"Brasileiro perdeu quase 2 anos de expectativa de vida na #pandemia e 2021 deve s&#8230;"},"content":{"rendered":"<p>[ad_1]<\/p>\n<blockquote class=\"twitter-tweet\">\n<p lang=\"pt\" dir=\"ltr\">Brasileiro perdeu quase 2 anos de expectativa de vida na <a target=\"_blank\" href=\"https:\/\/twitter.com\/hashtag\/pandemia?src=hash&amp;ref_src=twsrc%5Etfw\" rel=\"noopener\">#pandemia<\/a> e 2021 deve ser pior, diz dem\u00f3grafa de Harvardl\u201cN\u00e3o estamos nem em meados de abril e Estados como Amazonas e <a target=\"_blank\" href=\"https:\/\/twitter.com\/hashtag\/Rond%C3%B4nia?src=hash&amp;ref_src=twsrc%5Etfw\" rel=\"noopener\">#Rond\u00f4nia<\/a> j\u00e1 t\u00eam mais mais mortes esse ano do que em todo o ano passado\u201d via BBC <a target=\"_blank\" href=\"https:\/\/t.co\/Xar3J3nqMg\" rel=\"noopener\">https:\/\/t.co\/Xar3J3nqMg<\/a><\/p>\n<p>&mdash; Pedro Andretta (@pedroisandretta) <a target=\"_blank\" href=\"https:\/\/twitter.com\/pedroisandretta\/status\/1382436735557197835?ref_src=twsrc%5Etfw\" rel=\"noopener\">April 14, 2021<\/a><\/p><\/blockquote>\n<p><script async src=\"https:\/\/platform.twitter.com\/widgets.js\" charset=\"utf-8\"><\/script><\/p>\n<p>[ad_2]<br \/>\n<br \/><a href=\"https:\/\/twitter.com\/pedroisandretta\/statuses\/1382436735557197835\">Fonte<\/a> : Projeto <a href=\"https:\/\/www.pedroandretta.info\/informeci\">Informe-CI<\/a><\/p>\n","protected":false},"excerpt":{"rendered":"<p>[ad_1] Brasileiro perdeu quase 2 anos de expectativa de vida na #pandemia e 2021 deve ser pior, diz dem\u00f3grafa de Harvardl\u201cN\u00e3o estamos nem em meados de abril e Estados como Amazonas e #Rond\u00f4nia j\u00e1 t\u00eam mais mais mortes esse ano do que em todo o ano passado\u201d via BBC https:\/\/t.co\/Xar3J3nqMg &mdash; Pedro Andretta (@pedroisandretta) April<\/p><\/div>\n<div class=\"blog-btn\"><a href=\"https:\/\/www.pedroandretta.info\/index\/2021\/04\/brasileiro-perdeu-quase-2-anos-de-expectativa-de-vida-na-pandemia-e-2021-deve-s\/\" class=\"home-blog-btn\">Ler mais<\/a><\/p>\n","protected":false},"author":1,"featured_media":0,"comment_status":"open","ping_status":"open","sticky":false,"template":"","format":"standard","meta":{"_jetpack_memberships_contains_paid_content":false,"footnotes":"","jetpack_publicize_message":"","jetpack_publicize_feature_enabled":true,"jetpack_social_post_already_shared":true,"jetpack_social_options":{"image_generator_settings":{"template":"highway","default_image_id":0,"font":"","enabled":false},"version":2}},"categories":[21],"tags":[629,239],"class_list":["post-9987","post","type-post","status-publish","format-standard","hentry","category-informeci","tag-pandemia","tag-rondonia"],"jetpack_publicize_connections":[],"jetpack_featured_media_url":"","views":"","jetpack_sharing_enabled":true,"_links":{"self":[{"href":"https:\/\/www.pedroandretta.info\/index\/wp-json\/wp\/v2\/posts\/9987","targetHints":{"allow":["GET"]}}],"collection":[{"href":"https:\/\/www.pedroandretta.info\/index\/wp-json\/wp\/v2\/posts"}],"about":[{"href":"https:\/\/www.pedroandretta.info\/index\/wp-json\/wp\/v2\/types\/post"}],"author":[{"embeddable":true,"href":"https:\/\/www.pedroandretta.info\/index\/wp-json\/wp\/v2\/users\/1"}],"replies":[{"embeddable":true,"href":"https:\/\/www.pedroandretta.info\/index\/wp-json\/wp\/v2\/comments?post=9987"}],"version-history":[{"count":0,"href":"https:\/\/www.pedroandretta.info\/index\/wp-json\/wp\/v2\/posts\/9987\/revisions"}],"wp:attachment":[{"href":"https:\/\/www.pedroandretta.info\/index\/wp-json\/wp\/v2\/media?parent=9987"}],"wp:term":[{"taxonomy":"category","embeddable":true,"href":"https:\/\/www.pedroandretta.info\/index\/wp-json\/wp\/v2\/categories?post=9987"},{"taxonomy":"post_tag","embeddable":true,"href":"https:\/\/www.pedroandretta.info\/index\/wp-json\/wp\/v2\/tags?post=9987"}],"curies":[{"name":"wp","href":"https:\/\/api.w.org\/{rel}","templated":true}]}}