{"id":3044,"count":1,"description":"","link":"https:\/\/www.pedroandretta.info\/index\/tag\/declaracaodediversidadeequidadeeinclusao\/","name":"Declara\u00e7\u00e3oDeDiversidadeEquidadeEInclus\u00e3o","slug":"declaracaodediversidadeequidadeeinclusao","taxonomy":"post_tag","meta":[],"_links":{"self":[{"href":"https:\/\/www.pedroandretta.info\/index\/wp-json\/wp\/v2\/tags\/3044","targetHints":{"allow":["GET"]}}],"collection":[{"href":"https:\/\/www.pedroandretta.info\/index\/wp-json\/wp\/v2\/tags"}],"about":[{"href":"https:\/\/www.pedroandretta.info\/index\/wp-json\/wp\/v2\/taxonomies\/post_tag"}],"wp:post_type":[{"href":"https:\/\/www.pedroandretta.info\/index\/wp-json\/wp\/v2\/posts?tags=3044"}],"curies":[{"name":"wp","href":"https:\/\/api.w.org\/{rel}","templated":true}]}}